{"id":7707,"date":"2016-08-28T06:13:19","date_gmt":"2016-08-28T06:13:19","guid":{"rendered":"https:\/\/madreolgamaria.com\/?p=7707"},"modified":"2016-08-28T06:13:19","modified_gmt":"2016-08-28T06:13:19","slug":"oh-eterna-verdad-verdadera-caridad-y-cara-eternidad","status":"publish","type":"post","link":"https:\/\/madreolgamaria.com\/?p=7707","title":{"rendered":"\u00a1Oh eterna verdad, verdadera caridad y cara eternidad!"},"content":{"rendered":"<p style=\"text-align:justify;\"><em>Del libro de las Confesiones de san Agust\u00edn, obispo<\/em><br \/>\n<em>Libro 7, 10. 18, 27<\/em><\/p>\n<p style=\"text-align:justify;\"><em>Habi\u00e9ndome convencido de que deb\u00eda volver a m\u00ed mismo, penetr\u00e9 en mi interior, siendo t\u00fa mi gu\u00eda, y ello me fue posible porque t\u00fa, Se\u00f1or, me socorriste. Entr\u00e9, y vi con los ojos de mi alma, de un modo u otro, por encima de la capacidad de estos mismos ojos, por encima de mi mente, una luz inconmutable;\u00a0<img loading=\"lazy\" decoding=\"async\" class=\"  wp-image-3425 alignleft\" src=\"https:\/\/madreolgamaria.files.wordpress.com\/2016\/01\/img-20160117-wa0168.jpg\" alt=\"img-20160117-wa0168.jpg\" width=\"361\" height=\"496\" srcset=\"https:\/\/madreolgamaria.com\/wp-content\/uploads\/2016\/01\/img-20160117-wa0168.jpg 480w, https:\/\/madreolgamaria.com\/wp-content\/uploads\/2016\/01\/img-20160117-wa0168-218x300.jpg 218w\" sizes=\"auto, (max-width: 361px) 100vw, 361px\" \/>no esta luz ordinaria y visible a cualquier hombre, por intensa y clara que fuese y que lo llenara todo con su magnitud. Se trataba de una luz completamente distinta. Ni estaba por encima de mi mente, como el aceite sobre el agua o como el cielo sobre la tierra, sino que estaba en lo m\u00e1s alto, ya que ella fue quien me hizo, y yo estaba en lo m\u00e1s bajo, porque fui hecho por ella. La conoce el que conoce la verdad.<\/em><\/p>\n<p style=\"text-align:justify;\"><em>\u00a1Oh eterna verdad, verdadera caridad y cara eternidad! T\u00fa eres mi Dios, por ti suspiro d\u00eda y noche. Y, cuando te conoc\u00ed por vez primera, fuiste t\u00fa quien me elev\u00f3 hacia ti, para hacerme ver que hab\u00eda algo que ver y que yo no era a\u00fan capaz de verlo. Y fortaleciste la debilidad de mi mirada irradiando con fuerza sobre m\u00ed, y me estremec\u00ed de amor y de temor; y me di cuenta de la gran distancia que me separaba de ti, por la gran desemejanza que hay entre t\u00fa y yo, como si oyera tu voz que me dec\u00eda desde arriba: \u00abSoy alimento de adultos: crece, y podr\u00e1s comerme. Y no me transformar\u00e1s en substancia tuya, como sucede con la comida corporal, sino que t\u00fa te transformar\u00e1s en m\u00ed\u00bb.<\/em><\/p>\n<p style=\"text-align:justify;\"><em>Y yo buscaba el camino para adquirir un vigor que me hiciera capaz de gozar de ti, y no lo encontraba, hasta que me abrac\u00e9 al mediador entre Dios y los hombres, el hombre Cristo Jes\u00fas, el que est\u00e1 por encima de todo, Dios bendito por los siglos, que me llamaba y me dec\u00eda: Yo soy el camino de la verdad, y la vida, y el que mezcla aquel alimento, que yo no pod\u00eda asimilar, con la carne, ya que la Palabra se hizo carne, para que, en atenci\u00f3n a nuestro estado de infancia, se convirtiera en leche tu sabidur\u00eda por la que creaste todas las cosas.<\/em><\/p>\n<p style=\"text-align:justify;\"><em>\u00a1Tarde te am\u00e9, Hermosura tan antigua y tan nueva, tarde te a<img loading=\"lazy\" decoding=\"async\" class=\"  wp-image-7702 alignright\" src=\"https:\/\/madreolgamaria.files.wordpress.com\/2016\/08\/wp-1472314507153.jpg\" alt=\"wp-1472314507153.jpg\" width=\"316\" height=\"422\" srcset=\"https:\/\/madreolgamaria.com\/wp-content\/uploads\/2016\/08\/wp-1472314507153.jpg 972w, https:\/\/madreolgamaria.com\/wp-content\/uploads\/2016\/08\/wp-1472314507153-225x300.jpg 225w, https:\/\/madreolgamaria.com\/wp-content\/uploads\/2016\/08\/wp-1472314507153-768x1024.jpg 768w\" sizes=\"auto, (max-width: 316px) 100vw, 316px\" \/>m\u00e9! Y t\u00fa estabas dentro de m\u00ed y yo afuera, y as\u00ed por fuera te buscaba; y, deforme como era, me lanzaba sobre estas cosas hermosas que t\u00fa creaste. T\u00fa estabas conmigo, mas yo no estaba contigo. Reten\u00edanme lejos de t\u00ed aquellas cosas que, si no estuviesen en ti, no existir\u00edan. Me llamaste y clamaste, y quebrantaste mi sordera; brillaste y resplandeciste, y curaste mi ceguera; exhalaste tu perfume, y lo aspir\u00e9, y ahora te anhelo; gust\u00e9 de ti, y ahora siento hambre y sed de ti; me tocaste, y dese\u00e9 con ansia la paz que procede de ti.<\/em><\/p>\n<p style=\"text-align:justify;\">Hoy es domingo, y la liturgia omite la memoria de San Agust\u00edn, Obispo y Doctor de la Iglesia, pero yo le quiero mucho porque -de alguna manera- me considero, como \u00e9l, un coraz\u00f3n inquieto. Por eso he le\u00eddo la segunda lectura del Oficio de Lecturas, que es una de las m\u00e1s bellas de todo el Oficio. Es una p\u00e1gina de las Confesiones que es \u00abfamosa\u00bb, sobre todo el \u00faltimo p\u00e1rrafo, que comienza con el \u00abTarde te am\u00e9&#8230;\u00bb<\/p>\n<p style=\"text-align:justify;\">Pero hoy he querido centrar mi atenci\u00f3n en el p\u00e1rrafo anterior, el que empieza diciendo: <em>\u00abY yo buscaba el camino&#8230;\u00bb<\/em> Me llega muy hondo que el gran Agust\u00edn, Padre de la Iglesia de Occidente, el \u00abDoctor de la Gracia\u00bb,\u00a0el m\u00e1ximo pensador del cristianismo\u00a0del primer milenio y uno de los m\u00e1s grandes genios de la humanidad, declare -con esa sencillez y ese aplomo que le caracterizan- que sin Jesucristo es imposible llegar a Dios, conocer a Dios,\u00a0ni saborear su sabor,\u00a0ni aspirar su aroma&#8230;<\/p>\n<p style=\"text-align:justify;\">\u00ab<em>y el que mezcla aquel alimento, que yo no pod\u00eda asimilar, con la carne, ya que la Palabra se hizo carne, para que, en atenci\u00f3n a nuestro estado de infancia, se convirtiera en leche tu sabidur\u00eda por la que creaste todas las cosas\u00bb.<img loading=\"lazy\" decoding=\"async\" class=\"  wp-image-5258 alignleft\" src=\"https:\/\/madreolgamaria.files.wordpress.com\/2016\/03\/20070118103158-jesus-10.jpg\" alt=\"20070118103158-jesus-10\" width=\"311\" height=\"444\" srcset=\"https:\/\/madreolgamaria.com\/wp-content\/uploads\/2016\/03\/20070118103158-jesus-10.jpg 533w, https:\/\/madreolgamaria.com\/wp-content\/uploads\/2016\/03\/20070118103158-jesus-10-210x300.jpg 210w\" sizes=\"auto, (max-width: 311px) 100vw, 311px\" \/>\u00a0<\/em>\u00a1Qu\u00e9 precioso es para m\u00ed, que me considero un peque\u00f1uelo, escuchar esto de labios de San Agust\u00edn&#8230;! \u00a0Dios atiende nuestra peque\u00f1ez encarn\u00e1ndose y haciendose asequible. No podemos penetrar en el Misterio insondable y eterno, pero no renuncia a alimentarnos con su esencia, con su Ser Divino, y por eso se encarna, transformandose en un Alimento \u00abasimilable\u00bb para nuestra peque\u00f1a y d\u00e9bil naturaleza&#8230; \u00a1Qu\u00e9 bueno y condescendiente es Dios&#8230;!<\/p>\n<p style=\"text-align:justify;\">Leyendo estas l\u00edneas que describen la experiencia \u00edntima y profunda de encuentro con Dios de uno de los santos m\u00e1s grandes de todos los tiempos, yo tambi\u00e9n \u00abme estremezco de amor y de temor\u00bb al comprobar que el itinerario para llegar a Dios es el mismo para el gran Agust\u00edn que para esta pobre monja y para cualquier ser humano que busque a Dios: el de la peque\u00f1ez, el abajamiento y la humildad&#8230; pero sobre todo&#8230; \u00a1JESUCRISTO! El es el Camino y la Verdad y la Vida. Nadie va al Padre si no es a trav\u00e9s de\u00a0Jes\u00fas.<\/p>\n<p style=\"text-align:justify;\"><em>\u00a1Oh eterna verdad, verdadera caridad y cara eternidad! T\u00fa eres mi Dios, por ti suspiro d\u00eda y noche. <\/em>S\u00ed: el anhelo m\u00e1s hondo de mi coraz\u00f3n eres T\u00fa, Jes\u00fas. Gracias por alimentarme y hacerme gozar de tu Padre y llevarme a ser Hijo, a participar de tu filiaci\u00f3n divina. Gracias porque, haci\u00e9ndote lo que yo soy: carne, me has hecho a m\u00ed lo que desde el Principio T\u00fa eres: hijo de Dios.<\/p>\n","protected":false},"excerpt":{"rendered":"<p>Del libro de las Confesiones de san Agust\u00edn, obispo Libro 7, 10. 18, 27 Habi\u00e9ndome convencido de que deb\u00eda volver a m\u00ed mismo, penetr\u00e9 en mi interior, siendo t\u00fa mi gu\u00eda, y ello me fue posible porque t\u00fa, Se\u00f1or, me socorriste. Entr\u00e9, y vi con los ojos de mi alma, de un modo u otro, [&hellip;]<\/p>\n","protected":false},"author":2,"featured_media":7702,"comment_status":"open","ping_status":"open","sticky":false,"template":"","format":"standard","meta":{"_jetpack_memberships_contains_paid_content":false,"footnotes":""},"categories":[6],"tags":[],"class_list":{"0":"post-7707","1":"post","2":"type-post","3":"status-publish","4":"format-standard","5":"has-post-thumbnail","6":"hentry","7":"category-sin-categoria","9":"fallback-thumbnail"},"jetpack_featured_media_url":"https:\/\/madreolgamaria.com\/wp-content\/uploads\/2016\/08\/wp-1472314507153.jpg","jetpack_sharing_enabled":true,"_links":{"self":[{"href":"https:\/\/madreolgamaria.com\/index.php?rest_route=\/wp\/v2\/posts\/7707","targetHints":{"allow":["GET"]}}],"collection":[{"href":"https:\/\/madreolgamaria.com\/index.php?rest_route=\/wp\/v2\/posts"}],"about":[{"href":"https:\/\/madreolgamaria.com\/index.php?rest_route=\/wp\/v2\/types\/post"}],"author":[{"embeddable":true,"href":"https:\/\/madreolgamaria.com\/index.php?rest_route=\/wp\/v2\/users\/2"}],"replies":[{"embeddable":true,"href":"https:\/\/madreolgamaria.com\/index.php?rest_route=%2Fwp%2Fv2%2Fcomments&post=7707"}],"version-history":[{"count":0,"href":"https:\/\/madreolgamaria.com\/index.php?rest_route=\/wp\/v2\/posts\/7707\/revisions"}],"wp:featuredmedia":[{"embeddable":true,"href":"https:\/\/madreolgamaria.com\/index.php?rest_route=\/wp\/v2\/media\/7702"}],"wp:attachment":[{"href":"https:\/\/madreolgamaria.com\/index.php?rest_route=%2Fwp%2Fv2%2Fmedia&parent=7707"}],"wp:term":[{"taxonomy":"category","embeddable":true,"href":"https:\/\/madreolgamaria.com\/index.php?rest_route=%2Fwp%2Fv2%2Fcategories&post=7707"},{"taxonomy":"post_tag","embeddable":true,"href":"https:\/\/madreolgamaria.com\/index.php?rest_route=%2Fwp%2Fv2%2Ftags&post=7707"}],"curies":[{"name":"wp","href":"https:\/\/api.w.org\/{rel}","templated":true}]}}