{"id":5086,"date":"2016-02-27T23:16:03","date_gmt":"2016-02-27T23:16:03","guid":{"rendered":"https:\/\/madreolgamaria.com\/?p=5086"},"modified":"2016-02-27T23:16:03","modified_gmt":"2016-02-27T23:16:03","slug":"impresiones-de-valdedios","status":"publish","type":"post","link":"https:\/\/madreolgamaria.com\/?p=5086","title":{"rendered":"Impresiones de Valdedi\u00f3s"},"content":{"rendered":"<p>&nbsp;<\/p>\n<p style=\"text-align:justify;\">Es impresionante pensar lo que supone que hace 1100 a\u00f1os hubiera ya cristianos glorificando a Dios en Valdedi\u00f3s, en esa misma iglesia que cari\u00f1osamente los asturianos denominan \u00abel Convent\u00edn\u00bb.<\/p>\n<p style=\"text-align:justify;\">Pero lo que m\u00e1s me toca el coraz\u00f3n de Valdedi\u00f3s es su sentido de claustro con el significado profundo de esta palabra.<img loading=\"lazy\" decoding=\"async\" class=\"  wp-image-5087 alignright\" src=\"https:\/\/madreolgamaria.files.wordpress.com\/2016\/02\/1915259_903685276397137_5636648009281186360_n.jpg\" alt=\"1915259_903685276397137_5636648009281186360_n\" width=\"389\" height=\"389\" srcset=\"https:\/\/madreolgamaria.com\/wp-content\/uploads\/2016\/02\/1915259_903685276397137_5636648009281186360_n.jpg 960w, https:\/\/madreolgamaria.com\/wp-content\/uploads\/2016\/02\/1915259_903685276397137_5636648009281186360_n-300x300.jpg 300w, https:\/\/madreolgamaria.com\/wp-content\/uploads\/2016\/02\/1915259_903685276397137_5636648009281186360_n-150x150.jpg 150w, https:\/\/madreolgamaria.com\/wp-content\/uploads\/2016\/02\/1915259_903685276397137_5636648009281186360_n-768x768.jpg 768w\" sizes=\"auto, (max-width: 389px) 100vw, 389px\" \/>\u00a0Valdedi\u00f3s es un monasterio. Un monasterio en torno a un claustro. Una ciudadela de Dios en torno a un claustro.\u00a0El claustro es un lugar cerrado que sirve b\u00e1sicamente para recogerse. Esa es la idea.\u00a0Y entonces&#8230; en torno a ese claustro, en ese \u00e1mbito\u00a0donde el monje se encerraba\u2026 giraba la vida del monasterio. Una ciudadela de Dios donde se fragua una civilizaci\u00f3n nueva: la civilizaci\u00f3n del amor de la ue hablaba San Juan Pablo II.<\/p>\n<p style=\"text-align:justify;\">Si las Samaritanas somos conducidas a Valdedi\u00f3s (una parte de la comunidad) no va a ser para apartarnos de todo y de todos, sino para -desde all\u00ed- gritar al mundo que Dios nos ama. Eso no es negociable&#8230; y nunca podremos renunciar a ello. Valdedi\u00f3s ser\u00e1 un oasis de silencio desde el que -parad\u00f3jicamente- se grite al mundo que DIOS NOS AMA.<\/p>\n<p style=\"text-align:justify;\">No es coincidencia que\u00a0una manera de llamar al seno\u00a0materno\u00a0sea precisamente\u00a0\u00a0\u201cclaustro materno\u201d. Y, al fin y al cabo&#8230; el Convent\u00edn se llama\u00a0San Salvador de Valdedi\u00f3s, pero el Monasterio, en el que est\u00e1 el claustro, se llama Santa Mar\u00eda la Real de Valdedi\u00f3s. Es un lugar mariano, es un lugar de la Virgen, <img loading=\"lazy\" decoding=\"async\" class=\"  wp-image-5142 alignleft\" src=\"https:\/\/madreolgamaria.files.wordpress.com\/2016\/02\/1929916_903684659730532_8943794466180282181_n.jpg\" alt=\"1929916_903684659730532_8943794466180282181_n\" width=\"348\" height=\"435\" srcset=\"https:\/\/madreolgamaria.com\/wp-content\/uploads\/2016\/02\/1929916_903684659730532_8943794466180282181_n.jpg 768w, https:\/\/madreolgamaria.com\/wp-content\/uploads\/2016\/02\/1929916_903684659730532_8943794466180282181_n-240x300.jpg 240w\" sizes=\"auto, (max-width: 348px) 100vw, 348px\" \/>donde reina la maternidad de Mar\u00eda. Y para llegar hay que bajar porque es un valle -el valle de Dios- y se accede bajando. A Valdedi\u00f3s s\u00f3lo se puede llegar bajando: se requiere un abajamiento, una k\u00e9nosis, un anonadamiento&#8230;si no bajas, no llegas a Valdedi\u00f3s y te quedas arriba, lejos del claustro.<\/p>\n<p style=\"text-align:justify;\">Vislumbro en mi coraz\u00f3n que\u00a0ese monasterio puede ser un claustro materno donde se lleguen a gestar el cielo nuevo y la tierra nueva: una humanidad nueva\u00a0y regenerada por el Evangelio,\u00a0seg\u00fan el Coraz\u00f3n de Jesucristo, que tenga que nacer ah\u00ed, gestarse ah\u00ed&#8230; y para eso hay que bajar. Y desde ah\u00ed&#8230; recordemos que Asturias es la cuna de la Reconquista: reconquistar Espa\u00f1a para el Coraz\u00f3n de Jes\u00fas y desde Espa\u00f1a el mundo entero, que se irradie de ah\u00ed.\u00a0\u00a1Eso es lo que me sugiri\u00f3 el claustro de Valdedi\u00f3s cuando lo visit\u00e9!<\/p>\n<p style=\"text-align:justify;\">Pensando en las Samaritanas y en nuestro modo de vida&#8230; ve\u00eda que no se correspond\u00eda un edificio de esas caracter\u00edsticas con nuestro estilo. Y es cierto que no se corresponde con nuestro concepto de vida, pero a lo mejor, lo que hay que hacer no es erradicar los claustros de nuestros monasterios samaritanos, sino entender que el\u00a0claustro hoy es de otra manera<img loading=\"lazy\" decoding=\"async\" class=\"  wp-image-5143 alignright\" src=\"https:\/\/madreolgamaria.files.wordpress.com\/2016\/02\/12642822_903687919730206_5262166790816349484_n.jpg\" alt=\"12642822_903687919730206_5262166790816349484_n\" width=\"361\" height=\"361\" srcset=\"https:\/\/madreolgamaria.com\/wp-content\/uploads\/2016\/02\/12642822_903687919730206_5262166790816349484_n.jpg 960w, https:\/\/madreolgamaria.com\/wp-content\/uploads\/2016\/02\/12642822_903687919730206_5262166790816349484_n-300x300.jpg 300w, https:\/\/madreolgamaria.com\/wp-content\/uploads\/2016\/02\/12642822_903687919730206_5262166790816349484_n-150x150.jpg 150w, https:\/\/madreolgamaria.com\/wp-content\/uploads\/2016\/02\/12642822_903687919730206_5262166790816349484_n-768x768.jpg 768w\" sizes=\"auto, (max-width: 361px) 100vw, 361px\" \/>. El claustro para una \u00a0Samaritana no es un encerramiento,\u00a0sino un lugar donde algo madura y donde algo crece, donde algo se gesta y desde donde se grita el Evangelio de que somos amados por Diso con Coraz\u00f3n de Hombre\u2026 Es el \u00e1mbito en que ella se encuentra con Jesucristo y El le pide de beber y le ofrece el Don de Dios y ella dialoga \u00edntimamente con El y se desprende de su viejo c\u00e1ntaro y desde donde corre a anunciar ese DON de Dios que ha encontrado. Todo eso y mucho m\u00e1s es el claustro para una Samaritana: no un encerramiento, sino un desierto santo donde se encuentra con Jes\u00fas y acoge el Don.<\/p>\n<p style=\"text-align:justify;\">El Carmelo Samaritano es un hijo de Dios en gestaci\u00f3n y el amor y la libertad interior que en \u00e9l se viven estar\u00e1 en gestaci\u00f3n siempre en lo \u00edntimo de cada hermana. Siento que Valdedi\u00f3s puede ser ese claustro materno desde el que nazcamos y nos irradiemos&#8230;<\/p>\n<p>&nbsp;<\/p>\n","protected":false},"excerpt":{"rendered":"<p>&nbsp; Es impresionante pensar lo que supone que hace 1100 a\u00f1os hubiera ya cristianos glorificando a Dios en Valdedi\u00f3s, en esa misma iglesia que cari\u00f1osamente los asturianos denominan \u00abel Convent\u00edn\u00bb. Pero lo que m\u00e1s me toca el coraz\u00f3n de Valdedi\u00f3s es su sentido de claustro con el significado profundo de esta palabra.\u00a0Valdedi\u00f3s es un monasterio. [&hellip;]<\/p>\n","protected":false},"author":2,"featured_media":5143,"comment_status":"open","ping_status":"open","sticky":false,"template":"","format":"standard","meta":{"_jetpack_memberships_contains_paid_content":false,"footnotes":""},"categories":[6],"tags":[],"class_list":{"0":"post-5086","1":"post","2":"type-post","3":"status-publish","4":"format-standard","5":"has-post-thumbnail","6":"hentry","7":"category-sin-categoria","9":"fallback-thumbnail"},"jetpack_featured_media_url":"https:\/\/madreolgamaria.com\/wp-content\/uploads\/2016\/02\/12642822_903687919730206_5262166790816349484_n.jpg","jetpack_sharing_enabled":true,"_links":{"self":[{"href":"https:\/\/madreolgamaria.com\/index.php?rest_route=\/wp\/v2\/posts\/5086","targetHints":{"allow":["GET"]}}],"collection":[{"href":"https:\/\/madreolgamaria.com\/index.php?rest_route=\/wp\/v2\/posts"}],"about":[{"href":"https:\/\/madreolgamaria.com\/index.php?rest_route=\/wp\/v2\/types\/post"}],"author":[{"embeddable":true,"href":"https:\/\/madreolgamaria.com\/index.php?rest_route=\/wp\/v2\/users\/2"}],"replies":[{"embeddable":true,"href":"https:\/\/madreolgamaria.com\/index.php?rest_route=%2Fwp%2Fv2%2Fcomments&post=5086"}],"version-history":[{"count":0,"href":"https:\/\/madreolgamaria.com\/index.php?rest_route=\/wp\/v2\/posts\/5086\/revisions"}],"wp:featuredmedia":[{"embeddable":true,"href":"https:\/\/madreolgamaria.com\/index.php?rest_route=\/wp\/v2\/media\/5143"}],"wp:attachment":[{"href":"https:\/\/madreolgamaria.com\/index.php?rest_route=%2Fwp%2Fv2%2Fmedia&parent=5086"}],"wp:term":[{"taxonomy":"category","embeddable":true,"href":"https:\/\/madreolgamaria.com\/index.php?rest_route=%2Fwp%2Fv2%2Fcategories&post=5086"},{"taxonomy":"post_tag","embeddable":true,"href":"https:\/\/madreolgamaria.com\/index.php?rest_route=%2Fwp%2Fv2%2Ftags&post=5086"}],"curies":[{"name":"wp","href":"https:\/\/api.w.org\/{rel}","templated":true}]}}