{"id":5044,"date":"2016-02-27T19:43:35","date_gmt":"2016-02-27T19:43:35","guid":{"rendered":"https:\/\/madreolgamaria.com\/?p=5044"},"modified":"2016-02-27T19:43:35","modified_gmt":"2016-02-27T19:43:35","slug":"las-espaldas-del-cachorro","status":"publish","type":"post","link":"https:\/\/madreolgamaria.com\/?p=5044","title":{"rendered":"La espalda del Cachorro"},"content":{"rendered":"<p style=\"text-align:justify;\">Despu\u00e9s de cantar \u00a0y emocionarnos rez\u00e1ndole con m\u00fasica y llorando ante el Sant\u00edsimo Cristo de la Expiraci\u00f3n, el Hermano Mayor de la Hermandad nos invit\u00f3 a pasar por detr\u00e1s de la imagen, en su camar\u00edn y verle por la espalda y&#8230;. \u00bfque decir? Me pide un coraz\u00f3n samaritano all\u00ed presente que escriba sobre ese momento pero&#8230;<\/p>\n<p style=\"text-align:justify;\">Tambi\u00e9n besamos con mimo el manto de la Virgen del Patrocino queriendo\u00a0demostrar nuestra ternura por la Madre del Se\u00f1or y nuestro deseo de enjugar sus l\u00e1grimas y compartir con Ella su \u00aboficio\u00bb de Corredentora.<\/p>\n<p style=\"text-align:justify;\">Despu\u00e9s de cantar \u00abCara a cara\u00bb&#8230; me vi de espaldas a El , detr\u00e1s de El&#8230; y el sentimiento era&#8230;. a sus pies y detr\u00e1s&#8230; \u00a1\u00a1mi lugar!! Desde all\u00ed abajo&#8230; <img loading=\"lazy\" decoding=\"async\" class=\"  wp-image-5058 alignright\" src=\"https:\/\/madreolgamaria.files.wordpress.com\/2016\/02\/img-20160227-wa0076.jpg\" alt=\"img-20160227-wa0076.jpg\" width=\"330\" height=\"440\" srcset=\"https:\/\/madreolgamaria.com\/wp-content\/uploads\/2016\/02\/img-20160227-wa0076.jpg 1200w, https:\/\/madreolgamaria.com\/wp-content\/uploads\/2016\/02\/img-20160227-wa0076-225x300.jpg 225w, https:\/\/madreolgamaria.com\/wp-content\/uploads\/2016\/02\/img-20160227-wa0076-768x1024.jpg 768w, https:\/\/madreolgamaria.com\/wp-content\/uploads\/2016\/02\/img-20160227-wa0076-1152x1536.jpg 1152w\" sizes=\"auto, (max-width: 330px) 100vw, 330px\" \/>lo \u00fanico que se ve\u00eda era su Cuerpo, la Cruz -tan grande y visible desde el otro lado- apenas se ve\u00eda cuando estaba a sus pies y detr\u00e1s&#8230;. y el resplandor de los focos me cegaba y no ve\u00eda la iglesia casi ni nada alrededor&#8230;. \u00a1s\u00f3lo se ve\u00eda la Carne bendita del Crucificado, su Cuerpo sant\u00edsimo! El es el s\u00f3lo necesario! \u00a1\u00a1S\u00f3lo Jes\u00fas Crucificado es el Camino y la Verdad y la Vida!! \u00a1Mi Todo, mi \u00fanico Todo, mi Vida inseparable!&#8230;<\/p>\n<p style=\"text-align:justify;\">Detr\u00e1s de Jes\u00fas, en su seguimiento, la Cruz se hace imperceptible&#8230; el consuelo de estar con El es tan grande que&#8230; casi no se nota su tama\u00f1o ni se siente su peso&#8230; Se mira a Jes\u00fas y ah\u00ed se descansa y se sacan fuerzas para lo que sea.<\/p>\n<p style=\"text-align:justify;\">Y en ese momento&#8230; me sent\u00ed llamada a permanecer all\u00ed para poder m\u00e1s tarde en el Cielo contemplarle cara a cara y sin velos, sin impedimentos, sin trabas&#8230;<\/p>\n<p style=\"text-align:justify;\">Dese\u00e9 verle as\u00ed siempre. Eso significar\u00e1 que estoy en el lugar que me corresponde: en su seguimiento, en pos de El&#8230; Si le veo siempre desde ah\u00ed significar\u00e1 que El va por delante y yo no me interpongo, no soy obst\u00e1culo a su obra y sus planes de amor. Si siempre le viera as\u00ed, como en aquel bendito momento, \u00a0significar\u00e1 que le estoy siguiendo y yo voy detr\u00e1s y as\u00ed no me equivocar\u00e9 nunca&#8230;<\/p>\n<p style=\"text-align:justify;\">\u00a1Qu\u00e9 capricho tuve de abrazarme a sus pies desde ah\u00ed abajo y \u00abllorar pegada a sus heridas\u00bb..! \u00a1Qu\u00e9 deseo de quedarme ah\u00ed para siempre&#8230;! Cu\u00e1ntas veces El carga conmigo sobre sus espaldas porque mi dureza de coraz\u00f3n y mi terquedad me convierten en cruz que El carga sobre esas espaldas&#8230;<\/p>\n<p>&nbsp;<\/p>\n<p>&nbsp;<\/p>\n<p>&nbsp;<\/p>\n","protected":false},"excerpt":{"rendered":"<p>Despu\u00e9s de cantar \u00a0y emocionarnos rez\u00e1ndole con m\u00fasica y llorando ante el Sant\u00edsimo Cristo de la Expiraci\u00f3n, el Hermano Mayor de la Hermandad nos invit\u00f3 a pasar por detr\u00e1s de la imagen, en su camar\u00edn y verle por la espalda y&#8230;. \u00bfque decir? Me pide un coraz\u00f3n samaritano all\u00ed presente que escriba sobre ese momento [&hellip;]<\/p>\n","protected":false},"author":2,"featured_media":5058,"comment_status":"open","ping_status":"open","sticky":false,"template":"","format":"standard","meta":{"_jetpack_memberships_contains_paid_content":false,"footnotes":""},"categories":[6],"tags":[],"class_list":{"0":"post-5044","1":"post","2":"type-post","3":"status-publish","4":"format-standard","5":"has-post-thumbnail","6":"hentry","7":"category-sin-categoria","9":"fallback-thumbnail"},"jetpack_featured_media_url":"https:\/\/madreolgamaria.com\/wp-content\/uploads\/2016\/02\/img-20160227-wa0076.jpg","jetpack_sharing_enabled":true,"_links":{"self":[{"href":"https:\/\/madreolgamaria.com\/index.php?rest_route=\/wp\/v2\/posts\/5044","targetHints":{"allow":["GET"]}}],"collection":[{"href":"https:\/\/madreolgamaria.com\/index.php?rest_route=\/wp\/v2\/posts"}],"about":[{"href":"https:\/\/madreolgamaria.com\/index.php?rest_route=\/wp\/v2\/types\/post"}],"author":[{"embeddable":true,"href":"https:\/\/madreolgamaria.com\/index.php?rest_route=\/wp\/v2\/users\/2"}],"replies":[{"embeddable":true,"href":"https:\/\/madreolgamaria.com\/index.php?rest_route=%2Fwp%2Fv2%2Fcomments&post=5044"}],"version-history":[{"count":0,"href":"https:\/\/madreolgamaria.com\/index.php?rest_route=\/wp\/v2\/posts\/5044\/revisions"}],"wp:featuredmedia":[{"embeddable":true,"href":"https:\/\/madreolgamaria.com\/index.php?rest_route=\/wp\/v2\/media\/5058"}],"wp:attachment":[{"href":"https:\/\/madreolgamaria.com\/index.php?rest_route=%2Fwp%2Fv2%2Fmedia&parent=5044"}],"wp:term":[{"taxonomy":"category","embeddable":true,"href":"https:\/\/madreolgamaria.com\/index.php?rest_route=%2Fwp%2Fv2%2Fcategories&post=5044"},{"taxonomy":"post_tag","embeddable":true,"href":"https:\/\/madreolgamaria.com\/index.php?rest_route=%2Fwp%2Fv2%2Ftags&post=5044"}],"curies":[{"name":"wp","href":"https:\/\/api.w.org\/{rel}","templated":true}]}}