{"id":4988,"date":"2016-02-27T12:57:42","date_gmt":"2016-02-27T12:57:42","guid":{"rendered":"https:\/\/madreolgamaria.com\/?p=4988"},"modified":"2016-02-27T12:57:42","modified_gmt":"2016-02-27T12:57:42","slug":"cara-a-cara-ante-el-cachorro-de-triana","status":"publish","type":"post","link":"https:\/\/madreolgamaria.com\/?p=4988","title":{"rendered":"Cara a cara ante el Cachorro de Triana"},"content":{"rendered":"<p><iframe loading=\"lazy\" title=\"Cara a cara ante el Cachorro de Triana - Carmelitas Samaritanas\" width=\"1180\" height=\"664\" src=\"https:\/\/www.youtube.com\/embed\/pw32gsN1WfE?feature=oembed\" frameborder=\"0\" allow=\"accelerometer; autoplay; clipboard-write; encrypted-media; gyroscope; picture-in-picture; web-share\" allowfullscreen><\/iframe><\/p>\n<p>&nbsp;<\/p>\n<p style=\"text-align:justify;\">Es muy dif\u00edcil describir lo que supuso para m\u00ed cantar ante <em>El Cachorro de Triana<\/em>. Todav\u00eda, cuando lo recuerdo, me estremezco y la emoci\u00f3n me embarga otra vez.<\/p>\n<p style=\"text-align:justify;\">Lo primero que tengo que decir es que jam\u00e1s, \u00a1ni so\u00f1ando!, hubiera pretendido que se me permitiera cantar delante del <em>Cachorro<\/em>. <img loading=\"lazy\" decoding=\"async\" class=\"  wp-image-5039 alignleft\" src=\"https:\/\/madreolgamaria.files.wordpress.com\/2016\/02\/cristo-del-cachorro.jpg\" alt=\"cristo-del-cachorro\" width=\"257\" height=\"336\" srcset=\"https:\/\/madreolgamaria.com\/wp-content\/uploads\/2016\/02\/cristo-del-cachorro.jpg 383w, https:\/\/madreolgamaria.com\/wp-content\/uploads\/2016\/02\/cristo-del-cachorro-230x300.jpg 230w\" sizes=\"auto, (max-width: 257px) 100vw, 257px\" \/>Y no solamente pude hacerlo, sino que lo pude hacer sin prisa.<\/p>\n<p style=\"text-align:justify;\">uimos muy cari\u00f1osamente recibidas por el Hermano Mayor de la Hermandad y otros miembros. Nos ense\u00f1aron el hogar del <em>Cachorro<\/em> y nos ense\u00f1aron al <em>Cachorro<\/em> con calma. Pasamos por detr\u00e1s de <u>\u00c9l<\/u> y vimos a la Virgen y vimos a San Juan y vimos la espalda del <em>Cachorro<\/em>, que tiene un im\u00e1n especial. Pero creo que la espalda del <em>Cachorro<\/em>\u00a0merece un post aparte.<\/p>\n<p style=\"text-align:justify;\">Ahora quiero centrarme en lo que supuso poder cantar delante de este Crucifijo impresionantemente bello, de un realismo, de una expresividad tremendos. Lo primero que hay que decir es que ninguna foto le hace justicia. Todas de quedan muy por debajo de la realidad y -por supuesto- ninguna describe la emoci\u00f3n, la ternura y la conmoci\u00f3n interior que se experimenta ante aquel Calvario.<\/p>\n<p style=\"text-align:justify;\">Cantamos. <img loading=\"lazy\" decoding=\"async\" class=\"  wp-image-5038 alignleft\" src=\"https:\/\/madreolgamaria.files.wordpress.com\/2016\/02\/cristo-cachorro-rostro-perfil.jpg\" alt=\"cristo-cachorro-rostro-perfil\" width=\"246\" height=\"328\" srcset=\"https:\/\/madreolgamaria.com\/wp-content\/uploads\/2016\/02\/cristo-cachorro-rostro-perfil.jpg 421w, https:\/\/madreolgamaria.com\/wp-content\/uploads\/2016\/02\/cristo-cachorro-rostro-perfil-225x300.jpg 225w\" sizes=\"auto, (max-width: 246px) 100vw, 246px\" \/>Cantamos en pie, frente a El, como yo me imagino que estuvieron las santas mujeres en el G\u00f3lgota, contemplando a El y a su madre a cierta distancia&#8230; Cantamos sencillamente con el alma, con el coraz\u00f3n. No cantamos&#8230; sino que rezamos con m\u00fasica. Primero cantamos <em>\u201cCrucificado\u201d<\/em>, una canci\u00f3n que delante de un crucifijo se llena de sentido y de vida. Y despu\u00e9s alguien, all\u00ed presente, me pidi\u00f3 que cant\u00e1ramos <em>\u201cCara a cara\u201d<\/em>.<\/p>\n<p style=\"text-align:justify;\">\u00bfC\u00f3mo explicaros lo que supuso cantar <em>\u201cCara a cara\u201d<\/em> delante del Cachorro?&#8230;<\/p>\n<p style=\"text-align:justify;\"><em>\u201cSolamente una palabra, solamente una oraci\u00f3n, cuando llegue a tu Presencia, oh Se\u00f1or\u2026\u201d<\/em>, y yo ya estaba all\u00ed en su Presencia&#8230; <em>\u00bb Y perderme como un ni\u00f1o en tu mirada\u00bb <\/em>De verdad que me sumerg\u00ed y me perd\u00ed en aquella mirada implorante del Cachorro hacia el Cielo.<\/p>\n<p style=\"text-align:justify;\"><em>\u201cNo me importa en qu\u00e9 lugar de la mesa me hagas sentar, ni el color de mi corona, si la llego a ganar\u2026 \u00a1S\u00f3lo d\u00e9jame mirarte cara a cara!\u201d&#8230;<\/em> <img loading=\"lazy\" decoding=\"async\" class=\"  wp-image-5040 alignright\" src=\"https:\/\/madreolgamaria.files.wordpress.com\/2016\/02\/el-cachorro-1.jpg\" alt=\"El Cachorro-1\" width=\"253\" height=\"253\" srcset=\"https:\/\/madreolgamaria.com\/wp-content\/uploads\/2016\/02\/el-cachorro-1.jpg 300w, https:\/\/madreolgamaria.com\/wp-content\/uploads\/2016\/02\/el-cachorro-1-150x150.jpg 150w\" sizes=\"auto, (max-width: 253px) 100vw, 253px\" \/>\u00bfC\u00f3mo explicaros lo que supuso cantar esto mirando al <em>Cachorro<\/em> que, a su vez, no nos miraba a nosotros, sino miraba a Dios Padre intercediendo por la humanidad entera?<\/p>\n<p style=\"text-align:justify;\"><em>\u201cD\u00e9jame perderme como un ni\u00f1o en tu Regazo\u2026\u201d<\/em> -en esos Brazos abiertos del <em>Cachorro<\/em>&#8211; \u201c\u2026 \u00a1<em>y que pase mucho tiempo\u2026! \u00a1Y que nadie diga nada\u2026! \u00a1\u00a1S\u00f3lo d\u00e9jame mirarte cara a cara!!\u201d<\/em><\/p>\n<p style=\"text-align:justify;\"><em>\u201cCuando caiga ante tus plantas de rodillas, d\u00e9jame llorar pegada a tus heridas. \u00a1Y que pase mucho tiempo\u2026! \u00a1Y que nadie diga nada, porque estoy viendo al Maestro cara a cara\u2026!\u201d<\/em> \u00bfC\u00f3mo explicaros el sentimiento de que ese momento \u00fanico que est\u00e1bamos viviendo hab\u00eda sido esperado y deseado por Jes\u00fas desde toda eternidad?<\/p>\n<p><img loading=\"lazy\" decoding=\"async\" class=\"alignnone size-full wp-image-5043\" src=\"https:\/\/madreolgamaria.files.wordpress.com\/2016\/02\/kiosco60-1ddee83bcece60d3dac805baeb97c47956d09113.jpg\" alt=\"SONY DSC\" width=\"800\" height=\"1195\" srcset=\"https:\/\/madreolgamaria.com\/wp-content\/uploads\/2016\/02\/kiosco60-1ddee83bcece60d3dac805baeb97c47956d09113.jpg 800w, https:\/\/madreolgamaria.com\/wp-content\/uploads\/2016\/02\/kiosco60-1ddee83bcece60d3dac805baeb97c47956d09113-201x300.jpg 201w, https:\/\/madreolgamaria.com\/wp-content\/uploads\/2016\/02\/kiosco60-1ddee83bcece60d3dac805baeb97c47956d09113-686x1024.jpg 686w, https:\/\/madreolgamaria.com\/wp-content\/uploads\/2016\/02\/kiosco60-1ddee83bcece60d3dac805baeb97c47956d09113-768x1147.jpg 768w\" sizes=\"auto, (max-width: 800px) 100vw, 800px\" \/><\/p>\n<p style=\"text-align:justify;\">El azar no existe, la casualidad tampoco.\u00a0 Yo <em>\u201che esperado ese momento toda mi vida\u201d<\/em>, como dice la canci\u00f3n, pero much\u00edsimo m\u00e1s el Cachorro hab\u00eda esperado ese momento de tenernos a sus pies cant\u00e1ndole <em>\u201cCara a cara\u201d;<\/em>\u00a0vi\u00e9ndole, reconoci\u00e9ndole como nuestro Dios, nuestro Amor y nuestro Se\u00f1or. \u00a1<u>\u00c9l<\/u> es el que hab\u00eda deseado este momento durante toda mi vida! Desde de que yo empezara a existir esperaba ese momento, ese instante y esa hora en que yo me encontraba ante \u00c9l cara a cara. Yo no lo sab\u00eda, pero desde toda la eternidad&#8230; \u00a1estaba citada en Triana!<\/p>\n<p>Por eso cant\u00e9 con tanto sentimiento ese <em>\u201cy que pase mucho tiempo, y que nadie me lo impida, porque T\u00fa, Jes\u00fas, has esperado este momento toda mi vida\u201d.<\/em><\/p>\n<p>&nbsp;<\/p>\n<p><img loading=\"lazy\" decoding=\"async\" class=\"  wp-image-5042 aligncenter\" src=\"https:\/\/madreolgamaria.files.wordpress.com\/2016\/02\/dsc2248.jpg\" alt=\"DSC2248\" width=\"681\" height=\"425\" srcset=\"https:\/\/madreolgamaria.com\/wp-content\/uploads\/2016\/02\/dsc2248.jpg 800w, https:\/\/madreolgamaria.com\/wp-content\/uploads\/2016\/02\/dsc2248-300x188.jpg 300w, https:\/\/madreolgamaria.com\/wp-content\/uploads\/2016\/02\/dsc2248-768x480.jpg 768w\" sizes=\"auto, (max-width: 681px) 100vw, 681px\" \/><\/p>\n","protected":false},"excerpt":{"rendered":"<p>&nbsp; Es muy dif\u00edcil describir lo que supuso para m\u00ed cantar ante El Cachorro de Triana. Todav\u00eda, cuando lo recuerdo, me estremezco y la emoci\u00f3n me embarga otra vez. Lo primero que tengo que decir es que jam\u00e1s, \u00a1ni so\u00f1ando!, hubiera pretendido que se me permitiera cantar delante del Cachorro. Y no solamente pude hacerlo, [&hellip;]<\/p>\n","protected":false},"author":2,"featured_media":5043,"comment_status":"open","ping_status":"open","sticky":false,"template":"","format":"standard","meta":{"_jetpack_memberships_contains_paid_content":false,"footnotes":""},"categories":[6],"tags":[],"class_list":{"0":"post-4988","1":"post","2":"type-post","3":"status-publish","4":"format-standard","5":"has-post-thumbnail","6":"hentry","7":"category-sin-categoria","9":"fallback-thumbnail"},"jetpack_featured_media_url":"https:\/\/madreolgamaria.com\/wp-content\/uploads\/2016\/02\/kiosco60-1ddee83bcece60d3dac805baeb97c47956d09113.jpg","jetpack_sharing_enabled":true,"_links":{"self":[{"href":"https:\/\/madreolgamaria.com\/index.php?rest_route=\/wp\/v2\/posts\/4988","targetHints":{"allow":["GET"]}}],"collection":[{"href":"https:\/\/madreolgamaria.com\/index.php?rest_route=\/wp\/v2\/posts"}],"about":[{"href":"https:\/\/madreolgamaria.com\/index.php?rest_route=\/wp\/v2\/types\/post"}],"author":[{"embeddable":true,"href":"https:\/\/madreolgamaria.com\/index.php?rest_route=\/wp\/v2\/users\/2"}],"replies":[{"embeddable":true,"href":"https:\/\/madreolgamaria.com\/index.php?rest_route=%2Fwp%2Fv2%2Fcomments&post=4988"}],"version-history":[{"count":0,"href":"https:\/\/madreolgamaria.com\/index.php?rest_route=\/wp\/v2\/posts\/4988\/revisions"}],"wp:featuredmedia":[{"embeddable":true,"href":"https:\/\/madreolgamaria.com\/index.php?rest_route=\/wp\/v2\/media\/5043"}],"wp:attachment":[{"href":"https:\/\/madreolgamaria.com\/index.php?rest_route=%2Fwp%2Fv2%2Fmedia&parent=4988"}],"wp:term":[{"taxonomy":"category","embeddable":true,"href":"https:\/\/madreolgamaria.com\/index.php?rest_route=%2Fwp%2Fv2%2Fcategories&post=4988"},{"taxonomy":"post_tag","embeddable":true,"href":"https:\/\/madreolgamaria.com\/index.php?rest_route=%2Fwp%2Fv2%2Ftags&post=4988"}],"curies":[{"name":"wp","href":"https:\/\/api.w.org\/{rel}","templated":true}]}}