{"id":4830,"date":"2016-02-25T22:03:31","date_gmt":"2016-02-25T22:03:31","guid":{"rendered":"https:\/\/madreolgamaria.com\/?p=4830"},"modified":"2016-02-25T22:03:31","modified_gmt":"2016-02-25T22:03:31","slug":"siempre-siervos-del-heredero-no-maquinemos-su-muerte","status":"publish","type":"post","link":"https:\/\/madreolgamaria.com\/?p=4830","title":{"rendered":"Siempre siervos del Heredero, no maquinemos su muerte"},"content":{"rendered":"<p><strong><em>Viernes de la Segunda Semana de Cuaresma, feria<\/em><\/strong><\/p>\n<ul>\n<li><span style=\"color:#ff0000;\"><em>Gn 37, 3-4.12-13a.17b-28: Ah\u00ed viene el de los sue\u00f1os, vamos a matarlo.<\/em><\/span><\/li>\n<li><span style=\"color:#ff0000;\"><em>Sal 104: Recordad las maravillas que hizo el Se\u00f1or.<\/em><\/span><\/li>\n<li><span style=\"color:#ff0000;\"><em>Mt 21, 33-43.45-46: \u00c9ste es el heredero: venid, lo mataremos.<\/em><\/span><\/li>\n<\/ul>\n<p>&nbsp;<\/p>\n<p style=\"text-align:justify;\"><u>Reflexi\u00f3n<\/u>: Somos duros de coraz\u00f3n cada vez que rechazamos al Hijo\u2026 somos tercos y obstinados y seguimos rechazando la salvaci\u00f3n de Dios que viene encarnada en Jesucristo.<\/p>\n<p style=\"text-align:justify;\">Lo mismo en la primera lectura que en el Evangelio queda clara la intenci\u00f3n perversa <img loading=\"lazy\" decoding=\"async\" class=\"  wp-image-4828 alignright\" src=\"https:\/\/madreolgamaria.files.wordpress.com\/2016\/02\/img-20160225-wa0058.jpg\" alt=\"img-20160225-wa0058.jpg\" width=\"336\" height=\"448\" srcset=\"https:\/\/madreolgamaria.com\/wp-content\/uploads\/2016\/02\/img-20160225-wa0058.jpg 1200w, https:\/\/madreolgamaria.com\/wp-content\/uploads\/2016\/02\/img-20160225-wa0058-225x300.jpg 225w, https:\/\/madreolgamaria.com\/wp-content\/uploads\/2016\/02\/img-20160225-wa0058-768x1024.jpg 768w, https:\/\/madreolgamaria.com\/wp-content\/uploads\/2016\/02\/img-20160225-wa0058-1152x1536.jpg 1152w\" sizes=\"auto, (max-width: 336px) 100vw, 336px\" \/>de matar al Enviado de Dios, al Heredero, al Hijo amado\u2026 igualmente seguimos <em>\u201cmaquinando su muerte\u201d<\/em> hoy, cada vez que nos anteponemos a nosotros mismos\u2026 Recordemos lo que dice la canci\u00f3n: <em>\u201c<u>\u00c9l<\/u> era nuestro Regalo, se nos marchit\u00f3 en las manos\u2026\u201d<br \/>\n<\/em><\/p>\n<p style=\"text-align:justify;\">Nosotros debemos permanecer con <u>\u00c9l<\/u>: no olvidemos que somos esos criados de los que habla el Evangelio que fueron enviados a vendimiar y fueron apaleados, matados, apedreados\u2026 Cuando nos traten as\u00ed es buena se\u00f1al: estamos siendo de verdad embajadores del Heredero. <em>\u201cBienaventurados cuando os persigan y os calumnien\u2026\u201d<\/em> dice Jes\u00fas en otro momento. Los criados del Heredero deben estar dispuestos a morir por el Heredero y la Vi\u00f1a, no importa que nos llamen ilusos y so\u00f1adores como a Jos\u00e9, importa permanecer fieles y seguirle hasta dar la vida, y recibir la Herencia, que seamos nosotros ese pueblo que reciba el Reino de Dios y <em>\u201cproduzca sus frutos\u201d<\/em>.<\/p>\n<p style=\"text-align:justify;\"><u>Oraci\u00f3n<\/u>: Danos gracia y fortaleza, Se\u00f1or, para ser criados fieles de Jes\u00fas, tu Heredero, y no permitas nunca que, con nuestro ego\u00edsmo y pecado maquinemos matarle y expulsarle de nuestras vidas. Am\u00e9n.<\/p>\n","protected":false},"excerpt":{"rendered":"<p>Viernes de la Segunda Semana de Cuaresma, feria Gn 37, 3-4.12-13a.17b-28: Ah\u00ed viene el de los sue\u00f1os, vamos a matarlo. Sal 104: Recordad las maravillas que hizo el Se\u00f1or. Mt 21, 33-43.45-46: \u00c9ste es el heredero: venid, lo mataremos. &nbsp; Reflexi\u00f3n: Somos duros de coraz\u00f3n cada vez que rechazamos al Hijo\u2026 somos tercos y obstinados [&hellip;]<\/p>\n","protected":false},"author":2,"featured_media":6897,"comment_status":"open","ping_status":"open","sticky":false,"template":"","format":"standard","meta":{"_jetpack_memberships_contains_paid_content":false,"footnotes":""},"categories":[2,6],"tags":[],"class_list":{"0":"post-4830","1":"post","2":"type-post","3":"status-publish","4":"format-standard","5":"has-post-thumbnail","6":"hentry","7":"category-lecturas-cuaresma","8":"category-sin-categoria","10":"fallback-thumbnail"},"jetpack_featured_media_url":"https:\/\/madreolgamaria.com\/wp-content\/uploads\/2016\/05\/el-poder-de-dios-cambia-vidas.jpg","jetpack_sharing_enabled":true,"_links":{"self":[{"href":"https:\/\/madreolgamaria.com\/index.php?rest_route=\/wp\/v2\/posts\/4830","targetHints":{"allow":["GET"]}}],"collection":[{"href":"https:\/\/madreolgamaria.com\/index.php?rest_route=\/wp\/v2\/posts"}],"about":[{"href":"https:\/\/madreolgamaria.com\/index.php?rest_route=\/wp\/v2\/types\/post"}],"author":[{"embeddable":true,"href":"https:\/\/madreolgamaria.com\/index.php?rest_route=\/wp\/v2\/users\/2"}],"replies":[{"embeddable":true,"href":"https:\/\/madreolgamaria.com\/index.php?rest_route=%2Fwp%2Fv2%2Fcomments&post=4830"}],"version-history":[{"count":0,"href":"https:\/\/madreolgamaria.com\/index.php?rest_route=\/wp\/v2\/posts\/4830\/revisions"}],"wp:featuredmedia":[{"embeddable":true,"href":"https:\/\/madreolgamaria.com\/index.php?rest_route=\/wp\/v2\/media\/6897"}],"wp:attachment":[{"href":"https:\/\/madreolgamaria.com\/index.php?rest_route=%2Fwp%2Fv2%2Fmedia&parent=4830"}],"wp:term":[{"taxonomy":"category","embeddable":true,"href":"https:\/\/madreolgamaria.com\/index.php?rest_route=%2Fwp%2Fv2%2Fcategories&post=4830"},{"taxonomy":"post_tag","embeddable":true,"href":"https:\/\/madreolgamaria.com\/index.php?rest_route=%2Fwp%2Fv2%2Ftags&post=4830"}],"curies":[{"name":"wp","href":"https:\/\/api.w.org\/{rel}","templated":true}]}}