{"id":13627,"date":"2019-12-29T15:49:57","date_gmt":"2019-12-29T14:49:57","guid":{"rendered":"https:\/\/madreolgamaria.com\/?p=13627"},"modified":"2019-12-29T15:49:57","modified_gmt":"2019-12-29T14:49:57","slug":"si-yo-te-amo-y-si-tu-me-amas-que-importa-todo-lo-demas","status":"publish","type":"post","link":"https:\/\/madreolgamaria.com\/?p=13627","title":{"rendered":"\u201cSi yo te amo y si T\u00fa me amas&#8230; \u00bfqu\u00e9 importa todo lo dem\u00e1s?\u201d"},"content":{"rendered":"<p style=\"text-align:justify;\">Efectivamente Se\u00f1or: \u201csi yo te amo y si T\u00fa me amas\u2026 \u00bfqu\u00e9 importa todo lo dem\u00e1s?\u201d<\/p>\n<p style=\"text-align:justify;\">\u00bfCu\u00e1ndo me convencer\u00e9 de esto? y \u00bfcu\u00e1ndo todo mi ser se ver\u00e1 traspasado por esa pregunta y por esa verdad? \u201cSi yo te amo y si T\u00fa me amas, \u00bfqu\u00e9 importa todo lo dem\u00e1s?\u201d<\/p>\n<p style=\"text-align:justify;\">Se\u00f1or: yo te pido esta noche la gracia de <img loading=\"lazy\" decoding=\"async\" class=\"  wp-image-13623 alignleft\" src=\"https:\/\/madreolgamaria.files.wordpress.com\/2019\/12\/img-20191215-wa0024.jpg\" alt=\"IMG-20191215-WA0024.jpg\" width=\"423\" height=\"564\" srcset=\"https:\/\/madreolgamaria.com\/wp-content\/uploads\/2019\/12\/img-20191215-wa0024.jpg 768w, https:\/\/madreolgamaria.com\/wp-content\/uploads\/2019\/12\/img-20191215-wa0024-225x300.jpg 225w\" sizes=\"auto, (max-width: 423px) 100vw, 423px\" \/>convencerme de esto para siempre, la gracia de que esta verdad arraigue en mi coraz\u00f3n hasta el fondo y eche ra\u00edces y se apropie de todas y cada una de las fibras de mi alma y de mi ser. Si yo te amo y si T\u00fa me amas\u2026 \u00bfqu\u00e9 me importa todo lo dem\u00e1s?, \u00bfqu\u00e9 m\u00e1s da el resto?<\/p>\n<p style=\"text-align:justify;\">Que yo aprenda a poner mi coraz\u00f3n solo en Ti, que de verdad venga a cantarte mis amores porque T\u00fa seas mi Amor: el \u00fanico Amor de mi vida, el verdadero, el solo Amor\u2026 porque en la vida T\u00fa nos has creado as\u00ed.<\/p>\n<p style=\"text-align:justify;\">Hay muchos amores, hay muchos cari\u00f1os, hay muchos afectos\u2026 que son tuyos y son buenos, pero que a veces\u2026 no s\u00e9 comprender bien, que a veces no s\u00e9 vivir bien, y se convierten -esos cari\u00f1os, esos afectos- en motivaciones que me alejan de Ti.<\/p>\n<p style=\"text-align:justify;\">Uno puede tener muchos amores, pero amor verdadero\u2026 solo se puede tener uno en la vida y yo quiero que el amor verdadero, el absoluto de mi vida seas T\u00fa; y que todos los dem\u00e1s cari\u00f1os y amores de la vida est\u00e9n rendidos a Ti, vengan de Ti y vuelvan a Ti. Y siendo esto as\u00ed: \u201csi yo te amo y si T\u00fa me amas, \u00bfqu\u00e9 importa lo dem\u00e1s?\u201d \u00bfQu\u00e9 importa lo que piensen? \u00bfQu\u00e9 importa lo que digan? \u00bfQu\u00e9 importa lo que juzguen? \u00bfQu\u00e9 importa si -por quererte a Ti solo y entero- piensan que no quiero a nadie? \u00bfQu\u00e9 importa si por ser fiel a Ti y a tu llamada de ser T\u00fa mi absoluto, otros me juzgan dura, fr\u00eda, distante, poco simp\u00e1tica? \u201cSi yo te amo y si T\u00fa me amas, \u00bfqu\u00e9 importa lo dem\u00e1s?\u201d<\/p>\n<p style=\"text-align:justify;\">\u201cAl verte ni\u00f1o en el portalito he comprendido que no s\u00e9 amar\u201d.<\/p>\n<p style=\"text-align:justify;\">A Ti no te import\u00f3 despojarte de tu rango y tomar la condici\u00f3n de esclavo y sin embargo a m\u00ed cu\u00e1nto me cuesta todav\u00eda despojarme de todo para ser de verdad tu esclava. T\u00fa te despojaste de todo: de tu rango, del rango de Dios, para pasar por uno de tantos y a m\u00ed me cuesta despojarme de mi rango\u2026 cuando ni siquiera tengo rango, no soy nada\u2026 Soy una pobrecilla criatura, pero a veces caigo en la tentaci\u00f3n de creerme alguien y de creer que lo m\u00edo, mi nombre, mi imagen\u2026 tienen alg\u00fan valor.<\/p>\n<p style=\"text-align:justify;\">Al verte ni\u00f1o en el portalito, he comprendido que de verdad no s\u00e9 amar. \u201cSi yo te amo y si T\u00fa me amas, \u00bfqu\u00e9 importa todo lo dem\u00e1s?\u201d <img loading=\"lazy\" decoding=\"async\" class=\"  wp-image-13616 alignright\" src=\"https:\/\/madreolgamaria.files.wordpress.com\/2019\/12\/img-20191209-wa0041.jpg\" alt=\"IMG-20191209-WA0041.jpg\" width=\"490\" height=\"275\" srcset=\"https:\/\/madreolgamaria.com\/wp-content\/uploads\/2019\/12\/img-20191209-wa0041.jpg 2048w, https:\/\/madreolgamaria.com\/wp-content\/uploads\/2019\/12\/img-20191209-wa0041-300x169.jpg 300w, https:\/\/madreolgamaria.com\/wp-content\/uploads\/2019\/12\/img-20191209-wa0041-1024x576.jpg 1024w, https:\/\/madreolgamaria.com\/wp-content\/uploads\/2019\/12\/img-20191209-wa0041-768x432.jpg 768w, https:\/\/madreolgamaria.com\/wp-content\/uploads\/2019\/12\/img-20191209-wa0041-1536x864.jpg 1536w\" sizes=\"auto, (max-width: 490px) 100vw, 490px\" \/>Y traigo una pena dentro del alma, Se\u00f1or, y t\u00fa lo sabes\u2026 y espero que en tu bondad, en tu condescendencia, en tu ternura, me vas a consolar. Mi pena es esa: que dentro de mi coraz\u00f3n todav\u00eda quedan muchos restos de m\u00ed, muchos restos de mi ego\u00edsmo, muchos restos de amores que no son T\u00fa, muchos rincones de mi coraz\u00f3n y muchas fibras de mi alma que no te pertenecen por completo.<\/p>\n<p style=\"text-align:justify;\">Esa pena traigo en el alma, Se\u00f1or, confiando en que en tu misericordia me vas a ir curando y me vas a consolar. Si yo te amo y si T\u00fa me amas, \u00bfqu\u00e9 importa lo dem\u00e1s?, \u00bfqu\u00e9 m\u00e1s da?<\/p>\n<p style=\"text-align:justify;\">Te pido tambi\u00e9n la gracia del don de Fortaleza para luchar contra mi ego\u00edsmo, para doblegar mi voluntad a la tuya y a tu deseo de ser amado con un coraz\u00f3n indiviso. Dame el don de la Fortaleza para luchar contra mi ego\u00edsmo, que tantas veces aflora y tantas veces se cuela en mi coraz\u00f3n ocupando el lugar que solo a tu amor pertenece.<\/p>\n<p style=\"text-align:justify;\">Cuando te veo as\u00ed, Jes\u00fas, de verdad que no s\u00e9 bien en qu\u00e9 pienso cuando no quiero padecer, cuando no quiero luchar por entregarte mi coraz\u00f3n entero. Qu\u00e9 f\u00e1cil es decir: \u201cte doy mi coraz\u00f3n, t\u00f3malo\u201d; pero despu\u00e9s no preocuparme de que cada latido de ese coraz\u00f3n sea enteramente tuyo, sea enteramente \u201cpor Cristo, con \u00c9l y en \u00c9l\u201d. Qu\u00e9 f\u00e1cil es decir que te lo doy, pero olvidarme de que te lo tengo que estar entregando a cada instante y de que debo luchar cada minuto de mi vida para que ese coraz\u00f3n sea siempre tuyo, solo tuyo y nada m\u00e1s que tuyo, cueste lo que cueste, pase lo que pase. Aunque tuvi\u00e9ramos \u2013como dice la Santa Madre- que morir mil muertes para conseguir amarte de verdad.<\/p>\n<p style=\"text-align:justify;\">Si<img loading=\"lazy\" decoding=\"async\" class=\"  wp-image-13624 alignright\" src=\"https:\/\/madreolgamaria.files.wordpress.com\/2019\/12\/img-20191215-wa0030.jpg\" alt=\"IMG-20191215-WA0030.jpg\" width=\"362\" height=\"483\" srcset=\"https:\/\/madreolgamaria.com\/wp-content\/uploads\/2019\/12\/img-20191215-wa0030.jpg 711w, https:\/\/madreolgamaria.com\/wp-content\/uploads\/2019\/12\/img-20191215-wa0030-225x300.jpg 225w\" sizes=\"auto, (max-width: 362px) 100vw, 362px\" \/> yo te amo y si T\u00fa me amas\u2026 \u00bfqu\u00e9 m\u00e1s da?, \u00bfqu\u00e9 importa lo dem\u00e1s? Eso pensaste T\u00fa cuando aceptaste redimirme a m\u00ed, cuando aceptaste la Encarnaci\u00f3n para m\u00ed, para m\u00ed sola. No te sentaste a hacer c\u00e1lculos ni a buscar el modo de que fuera todo m\u00e1s f\u00e1cil y m\u00e1s sencillo para Ti, sino que me miraste con amor eterno, me deseaste con deseo eterno, y respondiste a tu vocaci\u00f3n grande, preciosa, \u00fanica, para m\u00ed: ser mi Redentor.<\/p>\n<p style=\"text-align:justify;\">El Padre te dijo: \u201cquiero que redimas a \u00e9sta\u201d, y no preguntaste m\u00e1s, solamente dijiste: \u201c\u00a1quiero!, \u00a1aqu\u00ed estoy!\u201d Y todo lo dem\u00e1s ya me lo s\u00e9. Pero ese acto de amor infinito, eterno, me lo brindaste a m\u00ed, a m\u00ed sola y pensaste justamente eso: \u201cPadre, si Yo la amo y ella me ama\u2026 \u00bfqu\u00e9 importa lo dem\u00e1s?\u201d \u201cSi Yo la amo, si T\u00fa la amas y ella nos va a poder amar\u2026 \u00bfqu\u00e9 importa lo dem\u00e1s? \u00a1Aqu\u00ed estoy! Dame un cuerpo, dame un Coraz\u00f3n y all\u00e1 me lanzo de cabeza a la aventura de ser hombre para redimirla.\u201d<\/p>\n<p style=\"text-align:justify;\">T\u00fa fuiste as\u00ed de generoso, Jes\u00fas; eres as\u00ed de generoso cada d\u00eda en la Eucarist\u00eda, \u00bfy yo\u2026?<\/p>\n<p style=\"text-align:justify;\">\u201cAl verte, Ni\u00f1o, en el portalito he comprendido que no s\u00e9 amar\u201d, \u00a1ens\u00e9\u00f1ame! Desde tu peque\u00f1ez, desde tu silencio, desde la pobreza del pesebre, desde el silencio al que te has reducido voluntariamente al nacer sin saber hablar\u2026 desde todo eso que has asumido al nacer de una mujer\u2026 \u00a1ens\u00e9\u00f1ame!<\/p>\n<p style=\"text-align:justify;\">Porque vi\u00e9ndote comprendo que no s\u00e9 amarte, pero a\u00fan as\u00ed y todo\u2026 Se\u00f1or yo descanso en Ti dici\u00e9ndotelo mil y mil y mil veces m\u00e1s: si yo te amo, aunque sea torpemente y si T\u00fa me amas, \u00bfqu\u00e9 importa lo dem\u00e1s?<\/p>\n","protected":false},"excerpt":{"rendered":"<p>Efectivamente Se\u00f1or: \u201csi yo te amo y si T\u00fa me amas\u2026 \u00bfqu\u00e9 importa todo lo dem\u00e1s?\u201d \u00bfCu\u00e1ndo me convencer\u00e9 de esto? y \u00bfcu\u00e1ndo todo mi ser se ver\u00e1 traspasado por esa pregunta y por esa verdad? \u201cSi yo te amo y si T\u00fa me amas, \u00bfqu\u00e9 importa todo lo dem\u00e1s?\u201d Se\u00f1or: yo te pido esta [&hellip;]<\/p>\n","protected":false},"author":2,"featured_media":13616,"comment_status":"open","ping_status":"open","sticky":false,"template":"","format":"standard","meta":{"_jetpack_memberships_contains_paid_content":false,"footnotes":""},"categories":[6],"tags":[],"class_list":{"0":"post-13627","1":"post","2":"type-post","3":"status-publish","4":"format-standard","5":"has-post-thumbnail","6":"hentry","7":"category-sin-categoria","9":"fallback-thumbnail"},"jetpack_featured_media_url":"https:\/\/madreolgamaria.com\/wp-content\/uploads\/2019\/12\/img-20191209-wa0041.jpg","jetpack_sharing_enabled":true,"_links":{"self":[{"href":"https:\/\/madreolgamaria.com\/index.php?rest_route=\/wp\/v2\/posts\/13627","targetHints":{"allow":["GET"]}}],"collection":[{"href":"https:\/\/madreolgamaria.com\/index.php?rest_route=\/wp\/v2\/posts"}],"about":[{"href":"https:\/\/madreolgamaria.com\/index.php?rest_route=\/wp\/v2\/types\/post"}],"author":[{"embeddable":true,"href":"https:\/\/madreolgamaria.com\/index.php?rest_route=\/wp\/v2\/users\/2"}],"replies":[{"embeddable":true,"href":"https:\/\/madreolgamaria.com\/index.php?rest_route=%2Fwp%2Fv2%2Fcomments&post=13627"}],"version-history":[{"count":0,"href":"https:\/\/madreolgamaria.com\/index.php?rest_route=\/wp\/v2\/posts\/13627\/revisions"}],"wp:featuredmedia":[{"embeddable":true,"href":"https:\/\/madreolgamaria.com\/index.php?rest_route=\/wp\/v2\/media\/13616"}],"wp:attachment":[{"href":"https:\/\/madreolgamaria.com\/index.php?rest_route=%2Fwp%2Fv2%2Fmedia&parent=13627"}],"wp:term":[{"taxonomy":"category","embeddable":true,"href":"https:\/\/madreolgamaria.com\/index.php?rest_route=%2Fwp%2Fv2%2Fcategories&post=13627"},{"taxonomy":"post_tag","embeddable":true,"href":"https:\/\/madreolgamaria.com\/index.php?rest_route=%2Fwp%2Fv2%2Ftags&post=13627"}],"curies":[{"name":"wp","href":"https:\/\/api.w.org\/{rel}","templated":true}]}}