{"id":13581,"date":"2019-11-03T16:54:41","date_gmt":"2019-11-03T15:54:41","guid":{"rendered":"https:\/\/madreolgamaria.com\/?p=13581"},"modified":"2019-11-03T16:54:41","modified_gmt":"2019-11-03T15:54:41","slug":"necesidad-ineludible-de-amarse","status":"publish","type":"post","link":"https:\/\/madreolgamaria.com\/?p=13581","title":{"rendered":"Necesidad ineludible de amarse"},"content":{"rendered":"<p style=\"text-align:justify;\">Otra caracter\u00edstica de la comunidad teresiana: la necesidad ineludible de amarse. Santa Teresa puede tolerar fallos en otras cosas, pero para ella es incomprensible e impensable vivir juntos sin amarse, no lo entiende. Es dif\u00edcil de entender \u00bfeh? Otra cosa es que a veces eso se daba y, desgraciadamente, se sigue dando hoy d\u00eda en la Vida Religiosa, en la Vida Consagrada, pero Teresa no lo entiende.<img loading=\"lazy\" decoding=\"async\" class=\"  wp-image-13559 alignleft\" src=\"https:\/\/madreolgamaria.files.wordpress.com\/2019\/10\/img-20191031-wa0222.jpg\" alt=\"IMG-20191031-WA0222.jpg\" width=\"279\" height=\"372\" srcset=\"https:\/\/madreolgamaria.com\/wp-content\/uploads\/2019\/10\/img-20191031-wa0222.jpg 1200w, https:\/\/madreolgamaria.com\/wp-content\/uploads\/2019\/10\/img-20191031-wa0222-225x300.jpg 225w, https:\/\/madreolgamaria.com\/wp-content\/uploads\/2019\/10\/img-20191031-wa0222-768x1024.jpg 768w, https:\/\/madreolgamaria.com\/wp-content\/uploads\/2019\/10\/img-20191031-wa0222-1152x1536.jpg 1152w\" sizes=\"auto, (max-width: 279px) 100vw, 279px\" \/><\/p>\n<p style=\"text-align:justify;\">La Santa afirma rotundamente que no hay mayor desgracia para la comunidad que la ruptura del amor: \u201c\u2026es como echar de casa al Se\u00f1or\u201d (Camino 7). Por el contrario, la peque\u00f1a comunidad ha de ser como una familia y cita este texto precioso y tan conocido: \u201cen esa casa todas han de ser amigas, todas se han de amar, todas se han de querer, todas se han de ayudar\u2026\u201d (Camino 4, 7) Ese \u201ctodas\u201d que ella repite con tanta insistencia significa todas, sin excluir a nadie. Porque cuando alguien no est\u00e1 bien insertado en ese \u201ctodas\u201d y no est\u00e1 en la comuni\u00f3n de la comunidad y va a ser siempre un hueso dislocado, algo que no va bien.<\/p>\n<p style=\"text-align:justify;\">Leyendo el Camino de Perfecci\u00f3n de los cap\u00edtulos de 4 al 7 principalmente, es evidente la conclusi\u00f3n de que hay que educarse en el amor. Ella quiere educarnos en el amor. Es de absoluta necesidad para el equilibrio personal y comunitario, educar para un amor puro y oblativo, universal y sin exclusivismos \u2013nos lo dice en Camino 4, 5-\u00a0 y en 1 Moradas 2 dice: \u201cLo que aqu\u00ed pretende el demonio no es poco: que es enfriar la caridad y\u00a0 el amor de unas con otras que ser\u00eda gran da\u00f1o. Entendamos, hijas m\u00edas, que la perfecci\u00f3n verdadera es amor de Dios y del pr\u00f3jimo y mientras con m\u00e1s perfecci\u00f3n guard\u00e1semos estos dos mandamientos, m\u00e1s seremos perfectas.\u201d Es evidente: la verdadera perfecci\u00f3n la verdadera santidad est\u00e1 en el amor de Dios y al pr\u00f3jimo.<\/p>\n<p style=\"text-align:justify;\">Tambi\u00e9n ella quiere que entendamos el amor como don y tarea. En las Moradas Quintas 3, 9 nos lo dice: \u201cImp\u00f3rtanos mucho andar con gran advertencia c\u00f3mo andamos en esto, que si es con mucha perfecci\u00f3n todo lo tenemos hecho. Porque creo yo que, seg\u00fan es malo nuestro natural, si no es naciendo de ra\u00edz del amor de Dios, no llegaremos a tener con perfecci\u00f3n en el pr\u00f3jimo\u201d. El amor es un don pero tambi\u00e9n es una tarea. Lo que no es, desde luego, es un sentimiento. El sentimiento se llama afecto, que a veces ayuda y a veces entorpece; pero el amor es el don de s\u00ed, la oblaci\u00f3n de uno mismo. Y aunque es un don la gracia para poder realizar esta oblaci\u00f3n de s\u00ed mismo, tambi\u00e9n es una tarea, porque a esa gracia hay que corresponder: hay que trabajar. Tiene que ser un acto de mi voluntad -que no tiene nada que ver con mis sentimientos- mi entrega a la comunidad, mi entrega a las hermanas.<img loading=\"lazy\" decoding=\"async\" class=\"  wp-image-13560 alignright\" src=\"https:\/\/madreolgamaria.files.wordpress.com\/2019\/11\/img-20160125-wa0169.jpg\" alt=\"IMG-20160125-WA0169.jpg\" width=\"350\" height=\"622\" srcset=\"https:\/\/madreolgamaria.com\/wp-content\/uploads\/2019\/11\/img-20160125-wa0169.jpg 900w, https:\/\/madreolgamaria.com\/wp-content\/uploads\/2019\/11\/img-20160125-wa0169-169x300.jpg 169w, https:\/\/madreolgamaria.com\/wp-content\/uploads\/2019\/11\/img-20160125-wa0169-576x1024.jpg 576w, https:\/\/madreolgamaria.com\/wp-content\/uploads\/2019\/11\/img-20160125-wa0169-768x1365.jpg 768w, https:\/\/madreolgamaria.com\/wp-content\/uploads\/2019\/11\/img-20160125-wa0169-864x1536.jpg 864w\" sizes=\"auto, (max-width: 350px) 100vw, 350px\" \/><\/p>\n<p style=\"text-align:justify;\">Tambi\u00e9n nos habla la Santa como cosa muy importante en la comunidad -\u00a1esto es muy importante!- y a veces se descuida mucho en las comunidades y da lugar a verdaderas rupturas, a verdaderas grietas: el educarnos en el perd\u00f3n y en la misericordia. En Camino 36, 7 hay una cita muy interesante. Dice: \u201cMas \u00a1qu\u00e9 estimado debe ser ese amarnos unos a otros del Se\u00f1or! Pues pudiera el Buen Jes\u00fas ponerle delante obras y decir: perdonadnos, Se\u00f1or, porque hacemos mucha penitencia, u porque rezamos mucho y ayunamos y lo hemos dejado todo por Vos, y os amamos mucho; y no dijo \u2018porque perder\u00edamos la vida por Vos\u2019 y -como digo- otras cosas que pudiera decir, sino solo \u2018porque perdonamos\u2019. Por ventura, como nos conoce tan amigos de esta negra honra y como cosa m\u00e1s dificultosa de alcanzar de nosotros y m\u00e1s agradable a Su Padre, la dijo, y se la ofrece de nuestra parte\u201d (Camino 36, 7).<\/p>\n<p style=\"text-align:justify;\">Efectivamente, el perd\u00f3n es una de las manifestaciones supremas del amor y del amor fraterno, nos lo acaba de decir la Santa. Y muchas veces los males no llegan a las comunidades porque haya roces, porque haya dificultades, encontronazos, desacuerdos\u2026 Eso es humano, de eso no hay que extra\u00f1arse, eso es normal. Hay empat\u00edas, hay antipat\u00edas, hay afinidades, hay divergencias\u2026 Eso es todo perfectamente normal porque es perfectamente humano y quienes estamos en la Vida Religiosa no olvidemos que somos humanos, que no hemos venido de Marte.<\/p>\n<p style=\"text-align:justify;\">El problema no es este. El problema es no ser capaces de superar esas diferencias, que el amor no sea m\u00e1s fuerte que las diferencias. Y que dejemos pasar tiempo sin pedir perd\u00f3n.<\/p>\n<p style=\"padding-left:30px;text-align:justify;\">-\u201cDa lo mismo\u201d.<\/p>\n<p style=\"padding-left:30px;text-align:justify;\">-\u00a1\u00a1No da lo mismo!!<\/p>\n<p style=\"padding-left:30px;text-align:justify;\">-\u201cBueno, pero ella me perdona.\u201d<\/p>\n<p style=\"padding-left:30px;text-align:justify;\">-\u00a1No, no! \u00a1\u00a1Pide perd\u00f3n!! Pide perd\u00f3n y reconoce que has hecho da\u00f1o, que has hecho algo mal, lo que sea\u2026 \u00a1Pedid perd\u00f3n!<\/p>\n<p style=\"text-align:justify;\">\u201cQue nunca se ponga el sol sobre vuestro enojo\u201d, dice el Ap\u00f3stol (Ef 4, 26-27) Y muchas veces, en muchas comunidades, entre hermanos y hermanas, el sol se pone sobre el enojo no un d\u00eda, sino un mes, un a\u00f1o\u2026 Hasta el punto de ser personas que est\u00e1n en un mismo Instituto Religioso, pero siempre en comunidades separadas porque son incompatibles\u2026 Eso es un dolor para el Coraz\u00f3n del Se\u00f1or y desde luego un antitestimonio. \u201cQue sean completamente uno para que el mundo pueda creer\u201d (Jn 17, 21) y eso muchas veces no se vive as\u00ed y Santa Teresa nos lo dice: que hay que educar los miembros de la comunidad en el perd\u00f3n y en la misericordia.<\/p>\n<p style=\"text-align:justify;\">\n<p>&nbsp;<\/p>\n","protected":false},"excerpt":{"rendered":"<p>Otra caracter\u00edstica de la comunidad teresiana: la necesidad ineludible de amarse. Santa Teresa puede tolerar fallos en otras cosas, pero para ella es incomprensible e impensable vivir juntos sin amarse, no lo entiende. Es dif\u00edcil de entender \u00bfeh? Otra cosa es que a veces eso se daba y, desgraciadamente, se sigue dando hoy d\u00eda en [&hellip;]<\/p>\n","protected":false},"author":2,"featured_media":13560,"comment_status":"open","ping_status":"open","sticky":false,"template":"","format":"standard","meta":{"_jetpack_memberships_contains_paid_content":false,"footnotes":""},"categories":[6],"tags":[],"class_list":{"0":"post-13581","1":"post","2":"type-post","3":"status-publish","4":"format-standard","5":"has-post-thumbnail","6":"hentry","7":"category-sin-categoria","9":"fallback-thumbnail"},"jetpack_featured_media_url":"https:\/\/madreolgamaria.com\/wp-content\/uploads\/2019\/11\/img-20160125-wa0169.jpg","jetpack_sharing_enabled":true,"_links":{"self":[{"href":"https:\/\/madreolgamaria.com\/index.php?rest_route=\/wp\/v2\/posts\/13581","targetHints":{"allow":["GET"]}}],"collection":[{"href":"https:\/\/madreolgamaria.com\/index.php?rest_route=\/wp\/v2\/posts"}],"about":[{"href":"https:\/\/madreolgamaria.com\/index.php?rest_route=\/wp\/v2\/types\/post"}],"author":[{"embeddable":true,"href":"https:\/\/madreolgamaria.com\/index.php?rest_route=\/wp\/v2\/users\/2"}],"replies":[{"embeddable":true,"href":"https:\/\/madreolgamaria.com\/index.php?rest_route=%2Fwp%2Fv2%2Fcomments&post=13581"}],"version-history":[{"count":0,"href":"https:\/\/madreolgamaria.com\/index.php?rest_route=\/wp\/v2\/posts\/13581\/revisions"}],"wp:featuredmedia":[{"embeddable":true,"href":"https:\/\/madreolgamaria.com\/index.php?rest_route=\/wp\/v2\/media\/13560"}],"wp:attachment":[{"href":"https:\/\/madreolgamaria.com\/index.php?rest_route=%2Fwp%2Fv2%2Fmedia&parent=13581"}],"wp:term":[{"taxonomy":"category","embeddable":true,"href":"https:\/\/madreolgamaria.com\/index.php?rest_route=%2Fwp%2Fv2%2Fcategories&post=13581"},{"taxonomy":"post_tag","embeddable":true,"href":"https:\/\/madreolgamaria.com\/index.php?rest_route=%2Fwp%2Fv2%2Ftags&post=13581"}],"curies":[{"name":"wp","href":"https:\/\/api.w.org\/{rel}","templated":true}]}}