{"id":13577,"date":"2019-11-03T07:40:32","date_gmt":"2019-11-03T06:40:32","guid":{"rendered":"https:\/\/madreolgamaria.com\/?p=13577"},"modified":"2019-11-03T07:40:32","modified_gmt":"2019-11-03T06:40:32","slug":"soledad-en-compania","status":"publish","type":"post","link":"https:\/\/madreolgamaria.com\/?p=13577","title":{"rendered":"Soledad en compa\u00f1\u00eda"},"content":{"rendered":"<p style=\"text-align:justify;\">\u00bfQu\u00e9 es esto? Parece un trabalenguas. Pues eso, una cosa muy teresiana: soledad en compa\u00f1\u00eda.<\/p>\n<p style=\"text-align:justify;\">Santa Teresa trata, en primera instancia, de revitalizar el carisma contemplativo del Carmelo, que ella conoce bien, y estaba a medio gas. Entonces ella intenta revitalizarlo. Y entiende que esa nueva savia dif\u00edcilmente puede circular en las estructuras comunitarias de la Encarnaci\u00f3n. Ella ve que aquello que el Carmelo originario es -o debe de ser- en la situaci\u00f3n del Monasterio de la Encarnaci\u00f3n, no es viable, no se puede conseguir, es muy dif\u00edcil. De ah<img loading=\"lazy\" decoding=\"async\" class=\"  wp-image-13557 alignright\" src=\"https:\/\/madreolgamaria.files.wordpress.com\/2019\/10\/img-20191031-wa0205.jpg\" alt=\"IMG-20191031-WA0205.jpg\" width=\"344\" height=\"193\" srcset=\"https:\/\/madreolgamaria.com\/wp-content\/uploads\/2019\/10\/img-20191031-wa0205.jpg 1599w, https:\/\/madreolgamaria.com\/wp-content\/uploads\/2019\/10\/img-20191031-wa0205-300x169.jpg 300w, https:\/\/madreolgamaria.com\/wp-content\/uploads\/2019\/10\/img-20191031-wa0205-1024x576.jpg 1024w, https:\/\/madreolgamaria.com\/wp-content\/uploads\/2019\/10\/img-20191031-wa0205-768x432.jpg 768w, https:\/\/madreolgamaria.com\/wp-content\/uploads\/2019\/10\/img-20191031-wa0205-1536x864.jpg 1536w\" sizes=\"auto, (max-width: 344px) 100vw, 344px\" \/>\u00ed surge la idea de una comunidad unida e identificada con el ideal primitivo.<\/p>\n<p style=\"text-align:justify;\">En esas coordenadas se sit\u00faa por un lado la valoraci\u00f3n de la soledad y, por otro, las oportunidades de relaci\u00f3n. Porque en esto, Santa Teresa crea un equilibrio dif\u00edcil pero lo logra: ni es todo soledad, ni es todo relaci\u00f3n. En la vida del Carmelo Teresiano, hay ese equilibrio entre los momentos de soledad y los momentos de relaci\u00f3n, de compartir.<\/p>\n<p style=\"text-align:justify;\">Santa Teresa es mujer de much\u00edsimos contrastes: soledad y relaci\u00f3n, silencio y palabra y ahora soledad en compa\u00f1\u00eda.<\/p>\n<p style=\"text-align:justify;\">Ella busca esos momentos de relaci\u00f3n no solo a trav\u00e9s de los actos lit\u00fargicos sino tambi\u00e9n en el di\u00e1logo espiritual privado y en las recreaciones, en las que todas juntas pueden hablar lo que m\u00e1s gusto les diere. La armon\u00eda de esta vida comunitaria reside en el equilibrio entre el silencio contemplativo bajo la Palabra de Dios -que es el n\u00facleo central de la regla del Carmelo- y los momentos de compartir esp\u00edritu y vida, liturgia y fiesta.<\/p>\n<p style=\"text-align:justify;\">Una de las frases c\u00e9lebres de Santa Teresa y \u00fanica y singular\u00edsima es: \u201cmientras m\u00e1s santas, m\u00e1s conversables con las hermanas\u201d (Camino 41, 6). Todo ello condimentado con la alegr\u00eda, que es un elemento t\u00edpico de las comunidades teresianas.<\/p>\n<p style=\"text-align:justify;\">Otra caracter\u00edstica t\u00edpica e importante: un grupo peque\u00f1o. La Madre Teresa hace un c\u00e1lculo muy preciso del n\u00famero desde el primer esbozo de la comunidad. El n\u00famero entra como dato importante dentro del modelo de comunidad que ella ha ideado para el Carmelo.<\/p>\n<p style=\"text-align:justify;\">Huye de la \u201ccomunidad masa\u201d como la experimentaba en la Encarnaci\u00f3n: \u201cPorque esto tengo por muchos pareceres sabido y visto por espiriencia, que para llevar el esp\u00edritu que se lleva y vivir de limosna, no se sufre m\u00e1s\u201d (Vida 36, 29); \u201cporque adonde hay pocas, hay m\u00e1s conformidad y quietud\u201d (Fundaciones 2, 1). \u00a1Eso es de caj\u00f3n, de sentido com\u00fan! No es lo mismo ponerse de acuerdo 5, que 25, que 135. Cuanta m\u00e1s gente, menos quietud y m\u00e1s d<img loading=\"lazy\" decoding=\"async\" class=\"  wp-image-13529 alignleft\" src=\"https:\/\/madreolgamaria.files.wordpress.com\/2019\/10\/img-20191023-wa0043.jpg\" alt=\"IMG-20191023-WA0043.jpg\" width=\"296\" height=\"148\" srcset=\"https:\/\/madreolgamaria.com\/wp-content\/uploads\/2019\/10\/img-20191023-wa0043.jpg 660w, https:\/\/madreolgamaria.com\/wp-content\/uploads\/2019\/10\/img-20191023-wa0043-300x150.jpg 300w\" sizes=\"auto, (max-width: 296px) 100vw, 296px\" \/>if\u00edcil llegar a la conformidad. Eso es evidente.<\/p>\n<p style=\"text-align:justify;\">Otra caracter\u00edstica: ella quiere que ese grupo -adem\u00e1s de peque\u00f1o- sea selecto. Santa Teresa fue muy selectiva, fue muy exigente en esto. En esto., es\u2026 &#8211; \u00a1No! la palabra ser \u201cexigente\u201d iba a decir que es ser inflexible. \u00a1No, no, no! La palabra es \u201c\u00a1exigente!\u201d Ella es realista y no quiere volver a tropezar en las mismas piedras, no quiere volver a cometer los mismos errores, no quiere volver a lo de la Encarnaci\u00f3n porque para eso ella ya lo ten\u00eda en la Encarnaci\u00f3n y se hubiera quedado all\u00ed -\u00bfno?- Entonces lo que hace es precisar las cosas.<\/p>\n<p style=\"text-align:justify;\">De hecho, escribe una carta a Do\u00f1a Mar\u00eda de Mendoza, el 7 de marzo de 1572. Do\u00f1a Mar\u00eda de Mendoza era muy amiga de la Santa, era hermana del Obispo de \u00c1vila, D. \u00c1lvaro de Mendoza, bajo el que qued\u00f3 la fundaci\u00f3n de San Jos\u00e9 de \u00c1vila, bajo su jurisdicci\u00f3n qued\u00f3, y se hizo muy amiga de la Santa. Y le escribe a Do\u00f1a Mar\u00eda de Mendoza: \u201cDonde son tan pocas, de raz\u00f3n hab\u00edan que ser escogidas\u201d Esto es porque le quer\u00edan meter un gol por toda la escuadra, le quer\u00edan meter de monja una que no\u2026 \u00a1que no! Y la Santa le dice que no, que no ve que aquella persona sea llamada a la vida que hac\u00edan las Descalzas y le da esa contestaci\u00f3n: \u201cDonde son tan pocas, de raz\u00f3n hab\u00edan que ser escogidas.\u201d Y dice: \u201cque sean personas de oraci\u00f3n y para nuestro modo -nuestro modo es como nuestro estilo\u2013 no importa que no tengan miles de fortuna si los tiene de virtudes\u201d.<\/p>\n<p style=\"text-align:justify;\">Las cualidades que reflejan mayor sensibilidad para su \u00e9poca ser\u00edan las referentes al talento o al buen entendimiento (de esto habla mucho en el Camino, cap\u00edtulo 14) y al equilibrio ps\u00edquico para convivir (Fundaciones 7, que es \u00a1interesant\u00edsimo!)<\/p>\n<p style=\"text-align:justify;\">Est\u00e1 tambi\u00e9n muy alerta frente a las presiones del exterior y a ayudar a la candidata a que haga una opci\u00f3n desde la libertad (Camino 13, 7).<img loading=\"lazy\" decoding=\"async\" class=\"  wp-image-13550 alignright\" src=\"https:\/\/madreolgamaria.files.wordpress.com\/2019\/10\/tempfileforshare_20191026-093525.jpg\" alt=\"tempFileForShare_20191026-093525.jpg\" width=\"280\" height=\"348\" srcset=\"https:\/\/madreolgamaria.com\/wp-content\/uploads\/2019\/10\/tempfileforshare_20191026-093525.jpg 1430w, https:\/\/madreolgamaria.com\/wp-content\/uploads\/2019\/10\/tempfileforshare_20191026-093525-242x300.jpg 242w, https:\/\/madreolgamaria.com\/wp-content\/uploads\/2019\/10\/tempfileforshare_20191026-093525-825x1024.jpg 825w, https:\/\/madreolgamaria.com\/wp-content\/uploads\/2019\/10\/tempfileforshare_20191026-093525-768x953.jpg 768w, https:\/\/madreolgamaria.com\/wp-content\/uploads\/2019\/10\/tempfileforshare_20191026-093525-1237x1536.jpg 1237w\" sizes=\"auto, (max-width: 280px) 100vw, 280px\" \/> Pues eso, que no presione nadie, como le dijo a Do\u00f1a Mar\u00eda de Mendoza, porque ella sab\u00eda -y lo hab\u00eda vivido tambi\u00e9n en la Encarnaci\u00f3n- la cantidad de condicionamientos a los que se ve\u00edan sujetas las monjas a veces a la hora de tomar ciertas decisiones, y decisiones vitales como era aceptar una candidata o no. Y entonces -ante eso- siempre se resiste. Ella pelea como un jabato por salvaguardar la libertad de las monjas: que nos dejen decidir lo que tenemos que decidir nosotras, sin interferencias exteriores, de nadie, ni de gente adinerada, ni de obispos, ni de familiares, ni de nadie\u2026<\/p>\n<p style=\"text-align:justify;\">La idea base ser\u00eda que a\u00fan contando con la fragilidad humana, una comunidad pudiera mantenerse unida y en crecimiento en la medida en que sea l\u00facida para admitir en su seno s\u00f3lo aquellos miembros que puedan adherirse a todo su ideal. Esto es de un sentido com\u00fan impresionante.<\/p>\n<p style=\"text-align:justify;\">Repito la frase: una comunidad pudiera mantenerse unida y en crecimiento en la medida en que sea l\u00facida para admitir en su seno solo aquellos miembros que puedan adherirse a todo su ideal. Esto es important\u00edsimo y de sentido com\u00fan. T\u00fa no debes admitir en la comunidad una persona que no sea capaz de vivir esto que hay que vivir, porque se va desvirtuando, se va aguando el vino\u2026 \u00bfQui\u00e9n tiene que estar aqu\u00ed? La que sea llamada a vivir esto y quiera vivirlo y si no\u2026 -ella lo dice en el Camino de Perfecci\u00f3n- que se marchen. Tranquilamente las invita a marcharse, pero con toda paz. Ella no tiene ning\u00fan problema.<\/p>\n<p style=\"text-align:justify;\"><img loading=\"lazy\" decoding=\"async\" class=\"alignnone size-full wp-image-13558\" src=\"https:\/\/madreolgamaria.files.wordpress.com\/2019\/10\/img-20191031-wa0206.jpg\" alt=\"IMG-20191031-WA0206.jpg\" width=\"1599\" height=\"899\" srcset=\"https:\/\/madreolgamaria.com\/wp-content\/uploads\/2019\/10\/img-20191031-wa0206.jpg 1599w, https:\/\/madreolgamaria.com\/wp-content\/uploads\/2019\/10\/img-20191031-wa0206-300x169.jpg 300w, https:\/\/madreolgamaria.com\/wp-content\/uploads\/2019\/10\/img-20191031-wa0206-1024x576.jpg 1024w, https:\/\/madreolgamaria.com\/wp-content\/uploads\/2019\/10\/img-20191031-wa0206-768x432.jpg 768w, https:\/\/madreolgamaria.com\/wp-content\/uploads\/2019\/10\/img-20191031-wa0206-1536x864.jpg 1536w\" sizes=\"auto, (max-width: 1599px) 100vw, 1599px\" \/><\/p>\n<p style=\"text-align:justify;\">Y si se ha colado alguna, dice igual a la Priora que la eche, o sea: que da igual. Si se nos ha colado\u2026 Primero que no se cuelen y que se marchen: las invita muy educadamente, que mejor se vayan, que en fin\u2026 Y si alguien se nos ha colado, por un descuido, que la env\u00eden a otro Monasterio que ya se lo proveer\u00e1 Dios con que dotarla para que la quieran en otro sitio. Pero que aqu\u00ed solamente est\u00e9n las que tiene que estar, convencidas de lo que estamos haciendo aqu\u00ed. Esto es de una rectitud y de un sentido com\u00fan impresionante y si no\u2026 pues \u00a1buen viaje y sea usted feliz! y d\u00e9janos vivir felices a las que quedamos aqu\u00ed, \u00bfno?<\/p>\n<p style=\"text-align:justify;\">Esto no es dureza. \u00a1Es vivir el Evangelio con sencillez, con realismo, con honestidad, con clarividencia! Si no est\u00e1s aqu\u00ed para hacer lo que hay que hacer aqu\u00ed\u2026 pues \u00a1vete! Si no es obligatorio estar aqu\u00ed&#8230; Si est\u00e1s, es porque quieres estar, convencida de que quieres vivir esa vida y entonces vas a \u201cechar el resto\u201d, vas a poner alma, vida y coraz\u00f3n por vivir esta vida. Y si no est\u00e1s en esa disposici\u00f3n\u2026 pues est\u00e1s haciendo mal estando aqu\u00ed.<\/p>\n<p style=\"text-align:justify;\">\n<p style=\"text-align:justify;\">\n<p style=\"text-align:justify;\">\n","protected":false},"excerpt":{"rendered":"<p>\u00bfQu\u00e9 es esto? Parece un trabalenguas. Pues eso, una cosa muy teresiana: soledad en compa\u00f1\u00eda. Santa Teresa trata, en primera instancia, de revitalizar el carisma contemplativo del Carmelo, que ella conoce bien, y estaba a medio gas. Entonces ella intenta revitalizarlo. Y entiende que esa nueva savia dif\u00edcilmente puede circular en las estructuras comunitarias de [&hellip;]<\/p>\n","protected":false},"author":2,"featured_media":13558,"comment_status":"open","ping_status":"open","sticky":false,"template":"","format":"standard","meta":{"_jetpack_memberships_contains_paid_content":false,"footnotes":""},"categories":[6],"tags":[],"class_list":{"0":"post-13577","1":"post","2":"type-post","3":"status-publish","4":"format-standard","5":"has-post-thumbnail","6":"hentry","7":"category-sin-categoria","9":"fallback-thumbnail"},"jetpack_featured_media_url":"https:\/\/madreolgamaria.com\/wp-content\/uploads\/2019\/10\/img-20191031-wa0206.jpg","jetpack_sharing_enabled":true,"_links":{"self":[{"href":"https:\/\/madreolgamaria.com\/index.php?rest_route=\/wp\/v2\/posts\/13577","targetHints":{"allow":["GET"]}}],"collection":[{"href":"https:\/\/madreolgamaria.com\/index.php?rest_route=\/wp\/v2\/posts"}],"about":[{"href":"https:\/\/madreolgamaria.com\/index.php?rest_route=\/wp\/v2\/types\/post"}],"author":[{"embeddable":true,"href":"https:\/\/madreolgamaria.com\/index.php?rest_route=\/wp\/v2\/users\/2"}],"replies":[{"embeddable":true,"href":"https:\/\/madreolgamaria.com\/index.php?rest_route=%2Fwp%2Fv2%2Fcomments&post=13577"}],"version-history":[{"count":0,"href":"https:\/\/madreolgamaria.com\/index.php?rest_route=\/wp\/v2\/posts\/13577\/revisions"}],"wp:featuredmedia":[{"embeddable":true,"href":"https:\/\/madreolgamaria.com\/index.php?rest_route=\/wp\/v2\/media\/13558"}],"wp:attachment":[{"href":"https:\/\/madreolgamaria.com\/index.php?rest_route=%2Fwp%2Fv2%2Fmedia&parent=13577"}],"wp:term":[{"taxonomy":"category","embeddable":true,"href":"https:\/\/madreolgamaria.com\/index.php?rest_route=%2Fwp%2Fv2%2Fcategories&post=13577"},{"taxonomy":"post_tag","embeddable":true,"href":"https:\/\/madreolgamaria.com\/index.php?rest_route=%2Fwp%2Fv2%2Ftags&post=13577"}],"curies":[{"name":"wp","href":"https:\/\/api.w.org\/{rel}","templated":true}]}}