{"id":13339,"date":"2019-08-30T06:39:42","date_gmt":"2019-08-30T04:39:42","guid":{"rendered":"https:\/\/madreolgamaria.com\/?p=13339"},"modified":"2019-08-30T06:39:42","modified_gmt":"2019-08-30T04:39:42","slug":"el-corazon-de-jesus-nos-llama-a-la-unidad","status":"publish","type":"post","link":"https:\/\/madreolgamaria.com\/?p=13339","title":{"rendered":"El Coraz\u00f3n de Jes\u00fas nos llama a la unidad"},"content":{"rendered":"<p style=\"text-align:justify;\">TEXTO: Jn 17, 17-24<\/p>\n<p style=\"text-align:justify;\"><em>Santif\u00edcalos en la verdad; tu palabra es verdad. Como t\u00fa me enviaste al mundo, yo tambi\u00e9n los he enviado al mundo. Y por ellos yo me santifico, para que ellos tambi\u00e9n sean santificados en la verdad. Mas no ruego s\u00f3lo por \u00e9stos, sino tambi\u00e9n por los que han de creer en m\u00ed por la palabra de ellos, para que todos sean uno. Como t\u00fa, oh Padre, est\u00e1s en M\u00ed y yo en Ti, que tambi\u00e9n ellos est\u00e9n en nosotros, para que el mundo crea que t\u00fa me enviaste. La gloria que me diste les he dado, para que sean uno, as\u00ed como nosotros somos uno: Yo en ellos, y T\u00fa en M\u00ed, para que sean perfeccionados e<img loading=\"lazy\" decoding=\"async\" class=\"  wp-image-13307 alignright\" src=\"https:\/\/madreolgamaria.files.wordpress.com\/2019\/08\/img-20190821-wa0020.jpg\" alt=\"IMG-20190821-WA0020.jpg\" width=\"244\" height=\"325\" srcset=\"https:\/\/madreolgamaria.com\/wp-content\/uploads\/2019\/08\/img-20190821-wa0020.jpg 1200w, https:\/\/madreolgamaria.com\/wp-content\/uploads\/2019\/08\/img-20190821-wa0020-225x300.jpg 225w, https:\/\/madreolgamaria.com\/wp-content\/uploads\/2019\/08\/img-20190821-wa0020-768x1024.jpg 768w, https:\/\/madreolgamaria.com\/wp-content\/uploads\/2019\/08\/img-20190821-wa0020-1152x1536.jpg 1152w\" sizes=\"auto, (max-width: 244px) 100vw, 244px\" \/>n unidad, para que el mundo sepa que T\u00fa me enviaste, y que los amaste tal como me has amado a M\u00ed. \u00a0Padre, quiero que los que me has dado, est\u00e9n tambi\u00e9n Conmigo donde Yo estoy, para que vean mi gloria, la gloria que me has dado; porque me has amado desde antes de la fundaci\u00f3n del mundo.<\/em><\/p>\n<p style=\"text-align:justify;\">REFLEXION:<\/p>\n<p style=\"text-align:justify;\">El Coraz\u00f3n de Jes\u00fas nos llama a la Unidad, a ser Uno. Nos convoca a ser comunidad de fe, a ser familia, verdaderamente hermanos e hijos del mismo Padre. La Iglesia nos pide que oremos por la unidad de los cristianos y cada a\u00f1o dedica una semana especialmente a rezar por esa intenci\u00f3n: la Semana de Oraci\u00f3n por la Unidad de los Cristianos. Una semana que la Iglesia quiere que dediquemos a orar de manera especial por esa intenci\u00f3n. Es, sin duda un anhelo del Coraz\u00f3n de Cristo, y el lugar o el momento m\u00e1s indicado para orar por esa unidad es en torno a la Eucarist\u00eda, adorando a la Eucarist\u00eda porque la Eucarist\u00eda es la expresi\u00f3n m\u00e1xima para nosotros del Amor de Dios y <em>\u201cel amor<\/em> \u2013 dice San Pablo \u2013 <em>es el ce\u00f1idor de la unidad consumada.\u201d<\/em><\/p>\n<p style=\"text-align:justify;\">Yo antes, hace tiempo, cuando o\u00eda hablar de esta Semana de Oraci\u00f3n por la Unidad de los Cristianos, me preguntaba: \u201cPero\u2026 \u00bftan importante es esto para que la Iglesia dedique una semana entera a pedir -especialmente y con insistencia- por esta intenci\u00f3n?\u201d Y, despu\u00e9s de darle muchas vueltas, he llegado a la conclusi\u00f3n de que efectivamente\u2026 \u00a1es muy importante! \u2026porque esta unidad es el deseo supremo de Jes\u00fas en la \u00daltima Cena. Es un deseo intenso de su Coraz\u00f3n.<\/p>\n<p style=\"text-align:justify;\">En su Oraci\u00f3n Sacerdotal Jes\u00fas hace esta s\u00faplica que resuena permanentemente en el Coraz\u00f3n del Padre: <em>\u201cQue sean completamente uno para que el mundo crea; como tu, Padre, en m\u00ed y Yo en Ti, que sean completamente uno para que el mundo crea\u201d<\/em> (Jn 17,21).<\/p>\n<p style=\"text-align:justify;\">En ese momento supremo, en que Jes\u00fas nos am\u00f3 hasta el extremo, no le pide al Padre por nuestra santidad, no le pide al Padre ninguna otra cosa grande, sino algo aparentemente simple\u2026 digo aparentemente, porque \u00c9l sab\u00eda que no era f\u00e1cil y que no iba a ser f\u00e1cil. Pide el don de la unidad como signo de amor, de plenitud de amor y como testimonio de la autenticidad de nuestra fe. Nuestra uni\u00f3n en el amor es el reclamo para que el mundo crea. Si no nos amamos de verdad, como \u00c9l nos ama, nunca seremos completamente uno y nuestra vida no dar\u00e1 testimonio de fe y no llevara a otros a la fe.<\/p>\n<p style=\"text-align:justify;\">\u00bfPor qu\u00e9 es tan importante la unidad? Reflexionando y contemplando al Se\u00f1or he llegado a la conclusi\u00f3n de que la unidad es el signo externo del amor, que es el que une de verdad, el que aglutina, el que api\u00f1a\u2026 El que hace uno es el amor; mientras que el odio es quien crea la divisi\u00f3n. Contemplando al Se\u00f1or se ve claramente: el Padre, el Hijo y el <img loading=\"lazy\" decoding=\"async\" class=\"  wp-image-13308 alignright\" src=\"https:\/\/madreolgamaria.files.wordpress.com\/2019\/08\/img-20190821-wa0018.jpg\" alt=\"IMG-20190821-WA0018.jpg\" width=\"270\" height=\"360\" srcset=\"https:\/\/madreolgamaria.com\/wp-content\/uploads\/2019\/08\/img-20190821-wa0018.jpg 1200w, https:\/\/madreolgamaria.com\/wp-content\/uploads\/2019\/08\/img-20190821-wa0018-225x300.jpg 225w, https:\/\/madreolgamaria.com\/wp-content\/uploads\/2019\/08\/img-20190821-wa0018-768x1024.jpg 768w, https:\/\/madreolgamaria.com\/wp-content\/uploads\/2019\/08\/img-20190821-wa0018-1152x1536.jpg 1152w\" sizes=\"auto, (max-width: 270px) 100vw, 270px\" \/>Esp\u00edritu Santo son Uno; son la Unidad Perfecta, son el Amor Perfecto, son la Verdad, son la Vida&#8230; Mientras que el odio da lugar a la divisi\u00f3n, a la muerte, a la mentira, porque\u2026 acordaos de aquel pasaje, en Gerasa, en el que Jes\u00fas va expulsar un demonio y el mismo demonio le contesta: <em>\u201cSomos muchos, somos legi\u00f3n.\u201d<\/em> En el mal, en el demonio, en el pecado, no hay unidad, hay divisi\u00f3n; y, en consecuencia, confusi\u00f3n, muerte, odio\u2026 el enemigo es mentiroso y padre de la mentira\u2026 todo lo que sea dividirnos, separarnos, distanciarnos, alejarnos unos de otros\u2026 no es nunca de Dios, no es del Amor, sino del mal, del demonio.<\/p>\n<p style=\"text-align:justify;\">Por esto \u00a1es tan importante esa Semana de Oraci\u00f3n por la Unidad de los Cristianos! Porque\u2026 \u00a1es muy triste que los que creemos en Jes\u00fas y reconocemos a Jes\u00fas como Hijo de Dios y Salvador del mundo estemos divididos entre nosotros! \u00a1Es muy triste que Jes\u00fas no nos motive lo suficiente para ser completamente uno y haya tantas confesiones cristianas distintas! \u00a1Es un contrasentido que haya tantas Iglesias distintas cuando \u00c9l dijo que solamente habr\u00eda una Iglesia y cuando insisti\u00f3 en que fu\u00e9ramos uno! \u00a1No tiene ning\u00fan sentido decir que creemos en Jesucristo, que somos cristianos pero de tal confesi\u00f3n o de tal otra\u2026! Si lo pensamos despacio es un contrasentido aunque es una triste realidad. Sobre todo tiene que ser una espina dolorosa en su Coraz\u00f3n\u2026<\/p>\n<p style=\"text-align:justify;\">Y \u00bfpor qu\u00e9 estamos divididos los cristianos? \u00bfPor qu\u00e9 no hay una sola Iglesia y una sola confesi\u00f3n cristiana? \u00bfPor qu\u00e9? Porque a lo largo de la historia se nos ha ido enfriando el amor y no ha sido lo suficientemente fuerte el amor a Jesucristo para hacernos completamente uno en torno a \u00c9l. \u00a1Tenemos que hacer pi\u00f1a en torno a su Coraz\u00f3n y obedecer a su Mandamiento nuevo! \u00a1\u00a1Obedecer a su precepto de amor!!<\/p>\n<p style=\"text-align:justify;\">\u00a1Qu\u00e9 importante es obedecer para permanecer unidos! Y la mayor\u00eda de las divisiones vienen de desobediencias a la Iglesia, de no querer acatar la autoridad del Vicario de Cristo en la tierra, de no querer reconocer esta autoridad que Jes\u00fas mismo le confiri\u00f3. En definitiva: de negarnos a obedecer\u2026 porque cuando no queremos reconocer la autoridad de alguien es porque nos negamos a obedecer. Y \u00a1no obedecer al Vicario de Cristo es no obedecer a Cristo! Y volvemos siempre al mismo sitio: \u00a1no obedecer a Cristo es no amar a Cristo! Y empieza el Cuerpo a fragmentarse, a debilitarse\u2026 y, por \u00faltimo, a romperse.<\/p>\n<p style=\"text-align:justify;\">Contemplamos ahora ese Jes\u00fas que nos ha llamado y nos llama, nos sigue llamando a la unidad. Ese Jes\u00fas que ante nuestros silencios, ante nuestros ego\u00edsmos, ante nuestras desobediencias, ante nuestra siembra a veces de divisi\u00f3n, de discordia, permanece en <img loading=\"lazy\" decoding=\"async\" class=\"  wp-image-12666 alignleft\" src=\"https:\/\/madreolgamaria.files.wordpress.com\/2018\/08\/img-20180803-wa0040.jpeg\" alt=\"IMG-20180803-WA0040.jpeg\" width=\"431\" height=\"243\" \/>silencio. Un silencio manso, sereno, humilde, pero dolorido y que nos repite sin cesar: \u201c\u00a1Amaos y sed uno! \u00a1Sed completamente uno para que el mundo crea, para que el mundo pueda creer!\u201d Si nos amamos y alcanzamos esa unidad, haremos presente a Jes\u00fas en el mundo de hoy, le haremos de verdad Vida y nuestros semejantes le podr\u00e1n ver en nosotros. Que cuantos se acerquen a nosotros\u2026 \u00a1vean a Jes\u00fas! Para que vean a Jes\u00fas es necesario que seamos completamente uno y el mundo podr\u00e1 creer.<\/p>\n<p style=\"text-align:justify;\">\u00a1Miradle! \u00a1Contempladle! Pidamos la gracia de la unidad perfecta en el amor, de ser de verdad un solo coraz\u00f3n y una sola alma los que estamos aqu\u00ed adorando su Cuerpo y reconociendo su Se\u00f1or\u00edo en nuestras vidas.<\/p>\n<p style=\"text-align:justify;\">ORACION:<\/p>\n<p style=\"text-align:justify;\">Se\u00f1or Jes\u00fas: conc\u00e9denos la gracia de la unidad en Ti, en tu Amor, en tu Coraz\u00f3n. Que seamos de verdad Uno en Ti para que el mundo crea -por nuestro testimonio- que T\u00fa eres el \u00fanico Camino verdadero para la Felicidad aut\u00e9ntica e imperecedera. Am\u00e9n.<\/p>\n","protected":false},"excerpt":{"rendered":"<p>TEXTO: Jn 17, 17-24 Santif\u00edcalos en la verdad; tu palabra es verdad. Como t\u00fa me enviaste al mundo, yo tambi\u00e9n los he enviado al mundo. Y por ellos yo me santifico, para que ellos tambi\u00e9n sean santificados en la verdad. Mas no ruego s\u00f3lo por \u00e9stos, sino tambi\u00e9n por los que han de creer en [&hellip;]<\/p>\n","protected":false},"author":2,"featured_media":13307,"comment_status":"open","ping_status":"open","sticky":false,"template":"","format":"standard","meta":{"_jetpack_memberships_contains_paid_content":false,"footnotes":""},"categories":[6],"tags":[],"class_list":{"0":"post-13339","1":"post","2":"type-post","3":"status-publish","4":"format-standard","5":"has-post-thumbnail","6":"hentry","7":"category-sin-categoria","9":"fallback-thumbnail"},"jetpack_featured_media_url":"https:\/\/madreolgamaria.com\/wp-content\/uploads\/2019\/08\/img-20190821-wa0020.jpg","jetpack_sharing_enabled":true,"_links":{"self":[{"href":"https:\/\/madreolgamaria.com\/index.php?rest_route=\/wp\/v2\/posts\/13339","targetHints":{"allow":["GET"]}}],"collection":[{"href":"https:\/\/madreolgamaria.com\/index.php?rest_route=\/wp\/v2\/posts"}],"about":[{"href":"https:\/\/madreolgamaria.com\/index.php?rest_route=\/wp\/v2\/types\/post"}],"author":[{"embeddable":true,"href":"https:\/\/madreolgamaria.com\/index.php?rest_route=\/wp\/v2\/users\/2"}],"replies":[{"embeddable":true,"href":"https:\/\/madreolgamaria.com\/index.php?rest_route=%2Fwp%2Fv2%2Fcomments&post=13339"}],"version-history":[{"count":0,"href":"https:\/\/madreolgamaria.com\/index.php?rest_route=\/wp\/v2\/posts\/13339\/revisions"}],"wp:featuredmedia":[{"embeddable":true,"href":"https:\/\/madreolgamaria.com\/index.php?rest_route=\/wp\/v2\/media\/13307"}],"wp:attachment":[{"href":"https:\/\/madreolgamaria.com\/index.php?rest_route=%2Fwp%2Fv2%2Fmedia&parent=13339"}],"wp:term":[{"taxonomy":"category","embeddable":true,"href":"https:\/\/madreolgamaria.com\/index.php?rest_route=%2Fwp%2Fv2%2Fcategories&post=13339"},{"taxonomy":"post_tag","embeddable":true,"href":"https:\/\/madreolgamaria.com\/index.php?rest_route=%2Fwp%2Fv2%2Ftags&post=13339"}],"curies":[{"name":"wp","href":"https:\/\/api.w.org\/{rel}","templated":true}]}}