{"id":13136,"date":"2019-06-28T09:56:36","date_gmt":"2019-06-28T07:56:36","guid":{"rendered":"https:\/\/madreolgamaria.com\/?p=13136"},"modified":"2019-06-28T09:56:36","modified_gmt":"2019-06-28T07:56:36","slug":"viva-el-rey-de-espana","status":"publish","type":"post","link":"https:\/\/madreolgamaria.com\/?p=13136","title":{"rendered":"\u00a1\u00a1VIVA EL REY DE ESPA\u00d1A!!"},"content":{"rendered":"<p style=\"text-align:justify;\">Siempre os digo, mis queridos lectores, que no tengo convicciones pol\u00edticas, y es absolutamente verdad. No las tengo: ni soy mon\u00e1rquica, ni republicana, ni nacionalista\u2026 ni de izquierdas, <img loading=\"lazy\" decoding=\"async\" class=\"  wp-image-13137 alignleft\" src=\"https:\/\/madreolgamaria.files.wordpress.com\/2019\/06\/img-20190628-wa0032.jpg\" alt=\"IMG-20190628-WA0032.jpg\" width=\"261\" height=\"348\" srcset=\"https:\/\/madreolgamaria.com\/wp-content\/uploads\/2019\/06\/img-20190628-wa0032.jpg 1200w, https:\/\/madreolgamaria.com\/wp-content\/uploads\/2019\/06\/img-20190628-wa0032-225x300.jpg 225w, https:\/\/madreolgamaria.com\/wp-content\/uploads\/2019\/06\/img-20190628-wa0032-768x1024.jpg 768w, https:\/\/madreolgamaria.com\/wp-content\/uploads\/2019\/06\/img-20190628-wa0032-1152x1536.jpg 1152w\" sizes=\"auto, (max-width: 261px) 100vw, 261px\" \/>ni de derechas\u2026 y sin embargo hoy digo: \u00a1Viva el rey de Espa\u00f1a! \u00a1\u00a1S\u00ed!! Pero\u2026 con todos los respetos hac\u00eda S. M. Felipe VI: \u00a1Viva el verdadero Rey de Espa\u00f1a! El d\u00eda que salga a la luz este art\u00edculo los cat\u00f3licos celebraremos la solemnidad del Coraz\u00f3n de Jes\u00fas y en este a\u00f1o tiene una resonancia especial, porque se cumplen cien a\u00f1os de la consagraci\u00f3n de Espa\u00f1a al Coraz\u00f3n de Jesucristo.<\/p>\n<p style=\"text-align:justify;\">Cien a\u00f1os que, le pese a quien le pese\u2026 han sido fruct\u00edferos y han marcado la fisionom\u00eda de un pa\u00eds que, por mucho que se quiera renegar de ello, siempre fue y ser\u00e1 cat\u00f3lico. Hoy es el d\u00eda en que os invito a repasar y reconocer y agradecer las ra\u00edces profundamente cat\u00f3licas de nuestra cultura, nuestro patrimonio art\u00edstico y cultural, cosa que est\u00e1 por encima de credos e ideolog\u00edas pol\u00edticas. Espa\u00f1a, como toda la vieja Europa, debe su fisonom\u00eda actual a la fe cristiana y negar esto es ser obtuso y cerril.<\/p>\n<p style=\"text-align:justify;\">Creo que es hora de que se reconozca todo lo que el cristianismo ha aportado y sigue aportando a la sociedad. El trabajo, la servicialidad, la constancia, el tes\u00f3n de tantos y tantas que han mejorado much\u00edsimo el mundo apoyados en su fe en Jesucristo, debe ser valorado y tenido en cuenta: eso tambi\u00e9n es de justicia. Esta misma columnilla semanal es consecuencia de esa apuesta por el Evangelio y por el Sagrado Coraz\u00f3n de Jes\u00fas. Si no fuera por El\u2026 yo no escribir\u00eda, ni har\u00eda nada de lo que hago.<img loading=\"lazy\" decoding=\"async\" class=\"  wp-image-13138 alignright\" src=\"https:\/\/madreolgamaria.files.wordpress.com\/2019\/06\/img-20190628-wa0033.jpg\" alt=\"IMG-20190628-WA0033.jpg\" width=\"298\" height=\"397\" srcset=\"https:\/\/madreolgamaria.com\/wp-content\/uploads\/2019\/06\/img-20190628-wa0033.jpg 1200w, https:\/\/madreolgamaria.com\/wp-content\/uploads\/2019\/06\/img-20190628-wa0033-225x300.jpg 225w, https:\/\/madreolgamaria.com\/wp-content\/uploads\/2019\/06\/img-20190628-wa0033-768x1024.jpg 768w, https:\/\/madreolgamaria.com\/wp-content\/uploads\/2019\/06\/img-20190628-wa0033-1152x1536.jpg 1152w\" sizes=\"auto, (max-width: 298px) 100vw, 298px\" \/><\/p>\n<p style=\"text-align:justify;\">De la misma manera es justicia reconocer que no s\u00f3lo hay testimonios negativos y realidades tristes y penosas que hacen que -como cat\u00f3lica- me averg\u00fcence, sino que hay much\u00edsimas m\u00e1s que me hacen enorgullecerme. La fe que profeso da lugar a los h\u00e9roes m\u00e1s grandes y valientes de todos los tiempos. Decidme qu\u00e9 pol\u00edtico, o qu\u00e9 fil\u00f3sofo, o qu\u00e9 ide\u00f3logo, es capaz de morir por defender su idea\u2026 creo que pocos o casi ninguno. Sin embargo\u2026 son millones los que han sido coherentes hasta el final y han derramado su sangre por Jesucristo y quienes siguen dando su vida silenciosamente, sonriendo y sin estridencias, como a lo tonto, como quien no quiere la cosa, sin que se note\u2026 son h\u00e9roes an\u00f3nimos que no salen en los peri\u00f3dicos ni en el papel couch\u00e9. Personas que saben por Quien est\u00e1n dispuestas a vivir y morir\u2026 Quien es el verdadero Rey de su vida y cu\u00e1l es su Ley.<\/p>\n<p style=\"text-align:justify;\">No pretendo que todos grit\u00e9is conmigo \u00a1\u00a1Viva Cristo Rey!! Aunque reconozco que me encantar\u00eda, pero ma\u00f1ana, Solemnidad del Sagrado Coraz\u00f3n de Jes\u00fas, s\u00ed que me atrevo a pedir -aunque no se\u00e1is creyentes- que os deteng\u00e1is a reconocer vuestra herencia cultural y -sobre todo- que revis\u00e9is cu\u00e1l es el motor de vuestras vidas. Qu\u00e9 es lo que amais, qu\u00e9 ideal os mueve\u2026 y si est\u00e1is dispuestos a vivir y -lo que es m\u00e1s importante- MORIR por algo o por alguien. \u00bfQui\u00e9n o qu\u00e9 es el rey de vuestra vida?<\/p>\n<p>&nbsp;<\/p>\n","protected":false},"excerpt":{"rendered":"<p>Siempre os digo, mis queridos lectores, que no tengo convicciones pol\u00edticas, y es absolutamente verdad. No las tengo: ni soy mon\u00e1rquica, ni republicana, ni nacionalista\u2026 ni de izquierdas, ni de derechas\u2026 y sin embargo hoy digo: \u00a1Viva el rey de Espa\u00f1a! \u00a1\u00a1S\u00ed!! Pero\u2026 con todos los respetos hac\u00eda S. M. Felipe VI: \u00a1Viva el verdadero [&hellip;]<\/p>\n","protected":false},"author":2,"featured_media":13139,"comment_status":"open","ping_status":"open","sticky":false,"template":"","format":"standard","meta":{"_jetpack_memberships_contains_paid_content":false,"footnotes":""},"categories":[6],"tags":[],"class_list":{"0":"post-13136","1":"post","2":"type-post","3":"status-publish","4":"format-standard","5":"has-post-thumbnail","6":"hentry","7":"category-sin-categoria","9":"fallback-thumbnail"},"jetpack_featured_media_url":"https:\/\/madreolgamaria.com\/wp-content\/uploads\/2019\/06\/img-20190628-wa0031.jpg","jetpack_sharing_enabled":true,"_links":{"self":[{"href":"https:\/\/madreolgamaria.com\/index.php?rest_route=\/wp\/v2\/posts\/13136","targetHints":{"allow":["GET"]}}],"collection":[{"href":"https:\/\/madreolgamaria.com\/index.php?rest_route=\/wp\/v2\/posts"}],"about":[{"href":"https:\/\/madreolgamaria.com\/index.php?rest_route=\/wp\/v2\/types\/post"}],"author":[{"embeddable":true,"href":"https:\/\/madreolgamaria.com\/index.php?rest_route=\/wp\/v2\/users\/2"}],"replies":[{"embeddable":true,"href":"https:\/\/madreolgamaria.com\/index.php?rest_route=%2Fwp%2Fv2%2Fcomments&post=13136"}],"version-history":[{"count":0,"href":"https:\/\/madreolgamaria.com\/index.php?rest_route=\/wp\/v2\/posts\/13136\/revisions"}],"wp:featuredmedia":[{"embeddable":true,"href":"https:\/\/madreolgamaria.com\/index.php?rest_route=\/wp\/v2\/media\/13139"}],"wp:attachment":[{"href":"https:\/\/madreolgamaria.com\/index.php?rest_route=%2Fwp%2Fv2%2Fmedia&parent=13136"}],"wp:term":[{"taxonomy":"category","embeddable":true,"href":"https:\/\/madreolgamaria.com\/index.php?rest_route=%2Fwp%2Fv2%2Fcategories&post=13136"},{"taxonomy":"post_tag","embeddable":true,"href":"https:\/\/madreolgamaria.com\/index.php?rest_route=%2Fwp%2Fv2%2Ftags&post=13136"}],"curies":[{"name":"wp","href":"https:\/\/api.w.org\/{rel}","templated":true}]}}