{"id":13127,"date":"2019-06-14T11:14:41","date_gmt":"2019-06-14T09:14:41","guid":{"rendered":"https:\/\/madreolgamaria.com\/?p=13127"},"modified":"2019-06-14T11:14:41","modified_gmt":"2019-06-14T09:14:41","slug":"derechos-y-justicias","status":"publish","type":"post","link":"https:\/\/madreolgamaria.com\/?p=13127","title":{"rendered":"DERECHOS Y JUSTICIAS\u2026"},"content":{"rendered":"<p style=\"text-align:justify;\">La vida es sin duda una gran maestra que rubrica lo que uno lleva en el coraz\u00f3n. Cuando hablamos tan a la ligera de lo que es justo e injusto\u2026 a veces me siento impotente para arg\u00fcir y justificar aquello de lo que tengo certeza y seguridad absoluta, pero el otro d\u00eda me vi en una situaci\u00f3n en al que Dios me ayud\u00f3, sin duda, para luchar por la verdad y dar luz a otros.<img loading=\"lazy\" decoding=\"async\" class=\"  wp-image-12687 alignright\" src=\"https:\/\/madreolgamaria.files.wordpress.com\/2018\/08\/img-20180814-wa0119.jpg\" alt=\"IMG-20180814-WA0119.jpg\" width=\"202\" height=\"269\" srcset=\"https:\/\/madreolgamaria.com\/wp-content\/uploads\/2018\/08\/img-20180814-wa0119.jpg 768w, https:\/\/madreolgamaria.com\/wp-content\/uploads\/2018\/08\/img-20180814-wa0119-225x300.jpg 225w\" sizes=\"auto, (max-width: 202px) 100vw, 202px\" \/><\/p>\n<p style=\"text-align:justify;\">Yo soy absolutamente provida y -por supuesto- antiaborto (sin excepciones, ni estudios de las casu\u00edsticas) y antieutanasia. Como premisa he de decir que nunca juzgo a las personas, pero soy implacable con el hecho en s\u00ed: matar es matar y eso es inadmisible siempre, al menos para m\u00ed.<\/p>\n<p style=\"text-align:justify;\">Hace unos d\u00edas me encontr\u00e9 con una persona que trabaja en el \u00e1mbito de la sanidad en un pa\u00eds en el que la eutanasia es legal en algunos casos; esta persona me dec\u00eda, agobiada, que la hab\u00edan incluido en un comit\u00e9 cl\u00ednico de eutanasia y que se ve\u00eda arrastrada a presenciar y secundar con su firma casos en los que se sent\u00eda muy mal, como si fuera una especie de asesino en serie, pero que no sab\u00eda c\u00f3mo parar. Le dije que se agarrara a la objeci\u00f3n de conciencia y me dijo que aquello era muy complejo, porque la realidad objetiva es que no puedes objetar la propia conciencia porque no se te escucha o se te margina. Y que ella no ten\u00eda valor\u2026 y por \u00faltimo me dijo que los dem\u00e1s m\u00e9dicos de aquella jungla le dec\u00edan que pensara en el sufrimiento del paciente y que no era justo que se obligara a una persona a seguir padeciendo\u2026<img loading=\"lazy\" decoding=\"async\" class=\"  wp-image-13128 alignleft\" src=\"https:\/\/madreolgamaria.files.wordpress.com\/2019\/06\/img-20190612-wa0130.jpg\" alt=\"IMG-20190612-WA0130.jpg\" width=\"462\" height=\"260\" srcset=\"https:\/\/madreolgamaria.com\/wp-content\/uploads\/2019\/06\/img-20190612-wa0130.jpg 1600w, https:\/\/madreolgamaria.com\/wp-content\/uploads\/2019\/06\/img-20190612-wa0130-300x169.jpg 300w, https:\/\/madreolgamaria.com\/wp-content\/uploads\/2019\/06\/img-20190612-wa0130-1024x576.jpg 1024w, https:\/\/madreolgamaria.com\/wp-content\/uploads\/2019\/06\/img-20190612-wa0130-768x432.jpg 768w, https:\/\/madreolgamaria.com\/wp-content\/uploads\/2019\/06\/img-20190612-wa0130-1536x864.jpg 1536w\" sizes=\"auto, (max-width: 462px) 100vw, 462px\" \/><\/p>\n<p style=\"text-align:justify;\">Ah\u00ed ya\u2026. S\u00ed que me hart\u00e9: \u00bfno es justo que una persona siga sufriendo? Pues alivia su sufrimiento todo lo que puedas, que para eso eres m\u00e9dico. Matarla no es una soluci\u00f3n: es el fracaso m\u00e1s estrepitoso de la medicina y un acto gravemente inmoral. Otra cosa: a veces no se puede aliviar el sufrimiento f\u00edsico porque hay enfermedades incurables, pero s\u00ed que se puede cuidar y curar el sufrimiento moral de una persona con una serie de medicinas infalibles: cari\u00f1o, respeto, humanidad, cercan\u00eda\u2026 y por \u00faltimo le dije: \u201c\u00a1D\u00e9jate de derechos! \u00a1Matar nunca es un derecho! \u00a1Y morir tampoco! La muerte es una realidad de esta vida, pero no es un derecho y por tanto no es una cuesti\u00f3n de justicia.\u201d<\/p>\n<p style=\"text-align:justify;\">Y por \u00faltimo\u2026 suponiendo que una persona tenga \u201cderecho\u201d a morir, a decidir su propia muerte\u2026 pues muy bien: que se las apa\u00f1e solo, pero que no implique a nadie m\u00e1s. Que no cree conflictos morales en las conciencias de las personas que se ocupan de \u00e9l. -Si te quieres morir\u2026 \u00a1t\u00fa solito! Pero no pretendas que otros te asesinen.<\/p>\n<p style=\"text-align:justify;\">Eso si que es injusto: que para que un ser humano deje de sufrir -ese es el argumento estrella de los que est\u00e1n a favor de la eutanasia- otros tienen que cargar en su conciencia, durante toda su vida, con el sufrimiento de haber matado -o ayudado a matar- a alguien. Eso\u2026 \u00bfes justo?<\/p>\n<p style=\"text-align:justify;\">Reflexionemos sobre esto y no nos dejemos ofuscar por justicias y derechos que no son verdaderos, que no existen. La verdad nos hace libres y la mentira nos extrav\u00eda una y otra vez y nos conduce al error y al sufrimiento.<\/p>\n","protected":false},"excerpt":{"rendered":"<p>La vida es sin duda una gran maestra que rubrica lo que uno lleva en el coraz\u00f3n. Cuando hablamos tan a la ligera de lo que es justo e injusto\u2026 a veces me siento impotente para arg\u00fcir y justificar aquello de lo que tengo certeza y seguridad absoluta, pero el otro d\u00eda me vi en [&hellip;]<\/p>\n","protected":false},"author":2,"featured_media":13128,"comment_status":"open","ping_status":"open","sticky":false,"template":"","format":"standard","meta":{"_jetpack_memberships_contains_paid_content":false,"footnotes":""},"categories":[6],"tags":[],"class_list":{"0":"post-13127","1":"post","2":"type-post","3":"status-publish","4":"format-standard","5":"has-post-thumbnail","6":"hentry","7":"category-sin-categoria","9":"fallback-thumbnail"},"jetpack_featured_media_url":"https:\/\/madreolgamaria.com\/wp-content\/uploads\/2019\/06\/img-20190612-wa0130.jpg","jetpack_sharing_enabled":true,"_links":{"self":[{"href":"https:\/\/madreolgamaria.com\/index.php?rest_route=\/wp\/v2\/posts\/13127","targetHints":{"allow":["GET"]}}],"collection":[{"href":"https:\/\/madreolgamaria.com\/index.php?rest_route=\/wp\/v2\/posts"}],"about":[{"href":"https:\/\/madreolgamaria.com\/index.php?rest_route=\/wp\/v2\/types\/post"}],"author":[{"embeddable":true,"href":"https:\/\/madreolgamaria.com\/index.php?rest_route=\/wp\/v2\/users\/2"}],"replies":[{"embeddable":true,"href":"https:\/\/madreolgamaria.com\/index.php?rest_route=%2Fwp%2Fv2%2Fcomments&post=13127"}],"version-history":[{"count":0,"href":"https:\/\/madreolgamaria.com\/index.php?rest_route=\/wp\/v2\/posts\/13127\/revisions"}],"wp:featuredmedia":[{"embeddable":true,"href":"https:\/\/madreolgamaria.com\/index.php?rest_route=\/wp\/v2\/media\/13128"}],"wp:attachment":[{"href":"https:\/\/madreolgamaria.com\/index.php?rest_route=%2Fwp%2Fv2%2Fmedia&parent=13127"}],"wp:term":[{"taxonomy":"category","embeddable":true,"href":"https:\/\/madreolgamaria.com\/index.php?rest_route=%2Fwp%2Fv2%2Fcategories&post=13127"},{"taxonomy":"post_tag","embeddable":true,"href":"https:\/\/madreolgamaria.com\/index.php?rest_route=%2Fwp%2Fv2%2Ftags&post=13127"}],"curies":[{"name":"wp","href":"https:\/\/api.w.org\/{rel}","templated":true}]}}