{"id":13125,"date":"2019-06-07T08:01:39","date_gmt":"2019-06-07T06:01:39","guid":{"rendered":"https:\/\/madreolgamaria.com\/?p=13125"},"modified":"2019-06-07T08:01:39","modified_gmt":"2019-06-07T06:01:39","slug":"como-conseguir-ser-libre","status":"publish","type":"post","link":"https:\/\/madreolgamaria.com\/?p=13125","title":{"rendered":"\u00bfCOMO CONSEGUIR SER LIBRE?"},"content":{"rendered":"<p>&nbsp;<\/p>\n<p style=\"text-align:justify;\">En otras ocasiones ya he escrito sobre el tema de la libertad, pero hay personas que me insisten en que diga algo al respecto porque es un tema que cuestiona mucho y que frecuentemente se plantea y se enfoca mal.<\/p>\n<p style=\"text-align:justify;\">Cierto que es vital y si hay algo que yo valoro y por lo que lucho en mi vida es por la libertad aut\u00e9ntica, porque creo que es la base sobre la que se sustenta cualquier principio de dignidad humana. Distingue al ser humano del resto de seres creados y si se limita -o se elimina de alguna manera- la libertad de la persona, eliminamos aquello que la constituye esencialmente y nos quedamos con un ser racional no libre que ya no es persona. Esto que acabo de afirmar\u2026 es muy gordo y a m\u00ed me pone los pelos de punta, pero es una triste y frecuente realidad. \u00bfPuede existir un ser racional (creo que eso es el hombre) que no sea persona? Desgraciadamente s\u00ed.<img loading=\"lazy\" decoding=\"async\" class=\"  wp-image-12651 alignright\" src=\"https:\/\/madreolgamaria.files.wordpress.com\/2018\/07\/img-20180728-wa0020.jpg\" alt=\"IMG-20180728-WA0020.jpg\" width=\"218\" height=\"327\" srcset=\"https:\/\/madreolgamaria.com\/wp-content\/uploads\/2018\/07\/img-20180728-wa0020.jpg 427w, https:\/\/madreolgamaria.com\/wp-content\/uploads\/2018\/07\/img-20180728-wa0020-200x300.jpg 200w\" sizes=\"auto, (max-width: 218px) 100vw, 218px\" \/><\/p>\n<p style=\"text-align:justify;\">Por eso hemos de luchar con valor y coraje contra todo aquello que aliena y limita la libertad de las personas y las robotiza y esclaviza, pero luchar eficazmente, no con slogans absurdos, campa\u00f1as y pancartas en plan reivindicativo. Eso no sirve para nada por una sencilla raz\u00f3n: la libertad verdadera, la que nace y se sustenta en una conciencia recta, s\u00f3lo se puede conquistar desde el interior de la persona. \u00bfY c\u00f3mo? Pues\u2026 lo primero para dar en la diana con cualquier asunto es centrar bien el tiro: nada de fuera -ninguna persona, ideolog\u00eda o circunstancia- pueden quitarme la libertad, eso para empezar.<\/p>\n<p style=\"text-align:justify;\">Desde el exterior podr\u00e1n oprimirme, hacerme da\u00f1o, pisotear los derechos humanos m\u00e1s b\u00e1sicos\u2026 pero nunca nada ni nadie podr\u00e1 penetrar en el santuario \u00edntimo que es mi conciencia, donde se guarda mi capacidad de optar entre el bien y el mal, entre el amor y el odio, el perd\u00f3n y la venganza\u2026 Seamos realistas: si no soy libre es porque no me lo he propuesto y no me lo he tomado en serio. Lo exterior puede influir y dificultarlo, pero no hace imposible mi libertad.<\/p>\n<p style=\"text-align:justify;\">La libertad consiste en ser capaces de decidir y optar sin condicionamientos. Para esto hay que luchar por salvaguardar el propio interior y protegerlo de las m\u00faltiples agresiones externas que atentan contra la libertad de nuestra conciencia. La libertad implica -entre otras cosas- coherencia de vida y\u2026 \u00a1eso s\u00ed que es una planta ex\u00f3tica en la selva social en que nos movemos! Me preocupa mucho el miedo a no atreverse a tener un criterio recto por el miedo al \u201cqu\u00e9 dir\u00e1n o al qu\u00e9 pensar\u00e1n de m\u00ed\u201d. Conozco personas que por ser fieles a sus principios son juzgadas negativamente y dejadas de lado cuando intentan salvaguardar su libertad de conciencia y ser coherentes con lo que libremente han decidido en su interior. \u00bfD\u00f3nde est\u00e1 el respeto hacia la libertad del otro que tanto se cacarea?<img loading=\"lazy\" decoding=\"async\" class=\"  wp-image-13122 alignleft\" src=\"https:\/\/madreolgamaria.files.wordpress.com\/2019\/05\/img-20190526-wa0246.jpg\" alt=\"IMG-20190526-WA0246.jpg\" width=\"209\" height=\"430\" srcset=\"https:\/\/madreolgamaria.com\/wp-content\/uploads\/2019\/05\/img-20190526-wa0246.jpg 777w, https:\/\/madreolgamaria.com\/wp-content\/uploads\/2019\/05\/img-20190526-wa0246-146x300.jpg 146w, https:\/\/madreolgamaria.com\/wp-content\/uploads\/2019\/05\/img-20190526-wa0246-497x1024.jpg 497w, https:\/\/madreolgamaria.com\/wp-content\/uploads\/2019\/05\/img-20190526-wa0246-768x1581.jpg 768w, https:\/\/madreolgamaria.com\/wp-content\/uploads\/2019\/05\/img-20190526-wa0246-746x1536.jpg 746w\" sizes=\"auto, (max-width: 209px) 100vw, 209px\" \/><\/p>\n<p style=\"text-align:justify;\">Hace poco me encontr\u00e9 con una chica que trabaja en el \u00e1mbito de la sanidad y con el tema del aborto no se atrev\u00eda a ejercer su derecho a la objeci\u00f3n de conciencia \u201cpara que no se mosqueara su jefe\u201d. Y despu\u00e9s me dec\u00eda muy angustiada y con l\u00e1grimas en los ojos: \u201ccreo que me estoy convirtiendo en una asesina en serie\u2026\u201d La inst\u00e9 a que fuera fuerte y actuara seg\u00fan lo que su conciencia le estaba dictando y me reconoci\u00f3 que ten\u00eda miedo a la reacci\u00f3n de sus compa\u00f1eros de trabajo, que no era libre<\/p>\n<p style=\"text-align:justify;\">Resumo, porque tendr\u00eda tanto que decir\u2026 pero no quiero cansaros y prefiero dejar algo para otro d\u00eda: la libertad no es algo superfluo y externo, sino \u00edntimo. Y supone lucha s\u00ed, pero no en la calle con pancartas ni manifestaciones, sino pelear por conquistarse uno a s\u00ed mismo cada d\u00eda siendo due\u00f1o de sus impulsos, sentimientos y decisiones. Termino con unos versos que me parecen hermosos y muy verdaderos: <em>\u00abLibertad, que mueres cuando te gritan. Que por vivirte hay que morir. No matar.\u00bb<\/em><\/p>\n<p>&nbsp;<\/p>\n","protected":false},"excerpt":{"rendered":"<p>&nbsp; En otras ocasiones ya he escrito sobre el tema de la libertad, pero hay personas que me insisten en que diga algo al respecto porque es un tema que cuestiona mucho y que frecuentemente se plantea y se enfoca mal. Cierto que es vital y si hay algo que yo valoro y por lo [&hellip;]<\/p>\n","protected":false},"author":2,"featured_media":12651,"comment_status":"open","ping_status":"open","sticky":false,"template":"","format":"standard","meta":{"_jetpack_memberships_contains_paid_content":false,"footnotes":""},"categories":[6],"tags":[],"class_list":{"0":"post-13125","1":"post","2":"type-post","3":"status-publish","4":"format-standard","5":"has-post-thumbnail","6":"hentry","7":"category-sin-categoria","9":"fallback-thumbnail"},"jetpack_featured_media_url":"https:\/\/madreolgamaria.com\/wp-content\/uploads\/2018\/07\/img-20180728-wa0020.jpg","jetpack_sharing_enabled":true,"_links":{"self":[{"href":"https:\/\/madreolgamaria.com\/index.php?rest_route=\/wp\/v2\/posts\/13125","targetHints":{"allow":["GET"]}}],"collection":[{"href":"https:\/\/madreolgamaria.com\/index.php?rest_route=\/wp\/v2\/posts"}],"about":[{"href":"https:\/\/madreolgamaria.com\/index.php?rest_route=\/wp\/v2\/types\/post"}],"author":[{"embeddable":true,"href":"https:\/\/madreolgamaria.com\/index.php?rest_route=\/wp\/v2\/users\/2"}],"replies":[{"embeddable":true,"href":"https:\/\/madreolgamaria.com\/index.php?rest_route=%2Fwp%2Fv2%2Fcomments&post=13125"}],"version-history":[{"count":0,"href":"https:\/\/madreolgamaria.com\/index.php?rest_route=\/wp\/v2\/posts\/13125\/revisions"}],"wp:featuredmedia":[{"embeddable":true,"href":"https:\/\/madreolgamaria.com\/index.php?rest_route=\/wp\/v2\/media\/12651"}],"wp:attachment":[{"href":"https:\/\/madreolgamaria.com\/index.php?rest_route=%2Fwp%2Fv2%2Fmedia&parent=13125"}],"wp:term":[{"taxonomy":"category","embeddable":true,"href":"https:\/\/madreolgamaria.com\/index.php?rest_route=%2Fwp%2Fv2%2Fcategories&post=13125"},{"taxonomy":"post_tag","embeddable":true,"href":"https:\/\/madreolgamaria.com\/index.php?rest_route=%2Fwp%2Fv2%2Ftags&post=13125"}],"curies":[{"name":"wp","href":"https:\/\/api.w.org\/{rel}","templated":true}]}}