{"id":13107,"date":"2019-05-04T06:09:30","date_gmt":"2019-05-04T04:09:30","guid":{"rendered":"https:\/\/madreolgamaria.com\/?p=13107"},"modified":"2019-05-04T06:09:30","modified_gmt":"2019-05-04T04:09:30","slug":"la-esperanza-siempre-permanece","status":"publish","type":"post","link":"https:\/\/madreolgamaria.com\/?p=13107","title":{"rendered":"LA ESPERANZA SIEMPRE PERMANECE"},"content":{"rendered":"<p style=\"text-align:justify;\">En un ambiente complicado y de resaca postelectoral, donde cada uno se lamenta de algo diferente, en unos d\u00edas en que la situaci\u00f3n de Venezuela nos preocupa y duele, los recientes atentados de Sri Lanka y otras mil peripecias hemos tenido un evento en Valdedios que pienso puede servir para reavivar la llama de la esperanza y la confianza, que para algunos est\u00e1 muy mortecina.<\/p>\n<p style=\"text-align:justify;\">No vale encerrarnos en el pesimismo ni en el desencanto. Contemplar el viejo y -hasta hace poco tiempo muerto- monasterio lleno de color, movimiento, alegr\u00eda, sonidos de vida\u2026 ha sido para nosotras un impulso de gozo. Ha resucitado el Se\u00f1or y con El en esta exuberante primavera asturiana\u2026 \u00a1ha revivido todo! Hasta las piedras centenarias del monasterio parec\u00edan retozar de gozo y cantar. La vida siempre es m\u00e1s fuerte que la muerte y la bondad es m\u00e1s fuerte que el mal, aunque algunas veces nos pueda parecer lo contrario.<img loading=\"lazy\" decoding=\"async\" class=\"  wp-image-13109 alignleft\" src=\"https:\/\/madreolgamaria.files.wordpress.com\/2019\/05\/escape-valdedios-768x432.jpeg\" alt=\"Escape-Valdedios-768x432\" width=\"473\" height=\"266\" \/><\/p>\n<p style=\"text-align:justify;\">Escuchamos continuamente noticias que nos empujan al desaliento, a la desesperanza\u2026 \u00a1no! La bondad es siempre m\u00e1s fuerte que todas las fuerzas oscuras del ego\u00edsmo humano, que es la madre de todos los males que asolan este mundo. Es cierto que a veces parece que el mal es m\u00e1s fuerte y nos sentimos abrumados por el peso de tantas malas noticias\u2026 pero el pasado martes se reunieron en Valdedi\u00f3s cerca de seiscientos alumnos de veintid\u00f3s centros escolares p\u00fablicos asturianos (no les hab\u00edan lavado el cerebro los curas y las monjas). Todo el d\u00eda fue una fiesta, un d\u00eda de convivencia y de evangelizaci\u00f3n, de cuidar valores morales, de poder hablar de ellos sin pudor y desempolvarlos y sacarles brillo. Un hermoso d\u00eda para descubrir que el pilar de nuestra sociedad, de nuestras vidas es Cristo y el mensaje de Cristo y apuntar a ideales altos y nobles. Fue una apuesta clara y clamorosa por todos esos valores que -seas creyente o no- anteponen la bondad y el amor a todo lo dem\u00e1s.<\/p>\n<p style=\"text-align:justify;\">Fue un momento hermoso y de reclamo: \u00a1animo! \u00a1No vale arrugarse! Tenemos un futuro y unos j\u00f3venes que buscan y viven con el coraz\u00f3n inquieto, que no vegetan, que buscan y desean vivir en plenitud\u2026 por todos ellos no podemos tirar la toalla, ni dejar que nos venza el pesimismo.<img loading=\"lazy\" decoding=\"async\" class=\"  wp-image-13108 alignleft\" src=\"https:\/\/madreolgamaria.files.wordpress.com\/2019\/05\/escape-valdediocc81s-3-768x432.jpeg\" alt=\"Escape-Valdedio\u0301s-3-768x432\" width=\"417\" height=\"235\" \/> De nada sirve lamentarse y mucho menos pensar que nada nos queda ya por hacer y que esto no tiene arreglo. No podemos rendirnos: estos j\u00f3venes nos miran y tenemos que mostrarles c\u00f3mo caminar, explicarles de d\u00f3nde venimos y hacia d\u00f3nde avanzamos. No podemos mostrarnos perplejos, abatidos y desorientados\u2026 \u00a1Tenemos esperanza! \u00a1Yo tengo esperanza! Soy creyente y tengo fe: estamos en Pascua y Cristo ha vencido ya.<\/p>\n<p style=\"text-align:justify;\">Y si no ten\u00e9is fe cristiana\u2026 al menos mirad a vuestro alrededor y mirad el triunfo de la bondad en tantos momentos y personas. \u00a1Cu\u00e1ntos h\u00e9roes an\u00f3nimos en cuya vida ha vencido la bondad! Seiscientos preadolescentes nos recuerdan que el amor y la bondad son m\u00e1s fuertes que el ego\u00edsmo y la muerte.<\/p>\n<p>&nbsp;<\/p>\n","protected":false},"excerpt":{"rendered":"<p>En un ambiente complicado y de resaca postelectoral, donde cada uno se lamenta de algo diferente, en unos d\u00edas en que la situaci\u00f3n de Venezuela nos preocupa y duele, los recientes atentados de Sri Lanka y otras mil peripecias hemos tenido un evento en Valdedios que pienso puede servir para reavivar la llama de la [&hellip;]<\/p>\n","protected":false},"author":2,"featured_media":0,"comment_status":"open","ping_status":"open","sticky":false,"template":"","format":"standard","meta":{"_jetpack_memberships_contains_paid_content":false,"footnotes":""},"categories":[6],"tags":[],"class_list":["post-13107","post","type-post","status-publish","format-standard","hentry","category-sin-categoria","has-post-thumbnail","fallback-thumbnail"],"jetpack_featured_media_url":"","jetpack_sharing_enabled":true,"_links":{"self":[{"href":"https:\/\/madreolgamaria.com\/index.php?rest_route=\/wp\/v2\/posts\/13107","targetHints":{"allow":["GET"]}}],"collection":[{"href":"https:\/\/madreolgamaria.com\/index.php?rest_route=\/wp\/v2\/posts"}],"about":[{"href":"https:\/\/madreolgamaria.com\/index.php?rest_route=\/wp\/v2\/types\/post"}],"author":[{"embeddable":true,"href":"https:\/\/madreolgamaria.com\/index.php?rest_route=\/wp\/v2\/users\/2"}],"replies":[{"embeddable":true,"href":"https:\/\/madreolgamaria.com\/index.php?rest_route=%2Fwp%2Fv2%2Fcomments&post=13107"}],"version-history":[{"count":0,"href":"https:\/\/madreolgamaria.com\/index.php?rest_route=\/wp\/v2\/posts\/13107\/revisions"}],"wp:attachment":[{"href":"https:\/\/madreolgamaria.com\/index.php?rest_route=%2Fwp%2Fv2%2Fmedia&parent=13107"}],"wp:term":[{"taxonomy":"category","embeddable":true,"href":"https:\/\/madreolgamaria.com\/index.php?rest_route=%2Fwp%2Fv2%2Fcategories&post=13107"},{"taxonomy":"post_tag","embeddable":true,"href":"https:\/\/madreolgamaria.com\/index.php?rest_route=%2Fwp%2Fv2%2Ftags&post=13107"}],"curies":[{"name":"wp","href":"https:\/\/api.w.org\/{rel}","templated":true}]}}