{"id":13104,"date":"2019-04-26T14:26:12","date_gmt":"2019-04-26T14:26:12","guid":{"rendered":"https:\/\/madreolgamaria.com\/?p=13104"},"modified":"2019-04-26T14:26:12","modified_gmt":"2019-04-26T14:26:12","slug":"mujer-por-que-lloras","status":"publish","type":"post","link":"https:\/\/madreolgamaria.com\/?p=13104","title":{"rendered":"MUJER \u00bfPOR QU\u00c9 LLORAS?"},"content":{"rendered":"<p style=\"text-align:justify;\">En estos d\u00edas previos a las elecciones el bombardeo informativo es tremendo; nos disparan desde todas las partes y con dardos de todo tipo, color y pelaje: nos asaltan ideolog\u00edas variadas y contrapuestas que toca un ampl\u00edsimo abanico de temas y cuestiones. Es un aut\u00e9ntico acoso de preguntas desde el exterior sobre nuestros gustos, nuestras convicciones pol\u00edticas, nuestros proyectos\u2026 Son preguntas que nos fatigan y nos causan vac\u00edo y malestar, aunque llega un momento en que ya -al menos as\u00ed me sucede a m\u00ed- no hacemos ni caso.<\/p>\n<p style=\"text-align:justify;\"><img loading=\"lazy\" decoding=\"async\" class=\"  wp-image-13103 alignleft\" src=\"https:\/\/madreolgamaria.files.wordpress.com\/2019\/04\/img-20190424-wa0149.jpg\" alt=\"IMG-20190424-WA0149.jpg\" width=\"364\" height=\"364\" srcset=\"https:\/\/madreolgamaria.com\/wp-content\/uploads\/2019\/04\/img-20190424-wa0149.jpg 640w, https:\/\/madreolgamaria.com\/wp-content\/uploads\/2019\/04\/img-20190424-wa0149-300x300.jpg 300w, https:\/\/madreolgamaria.com\/wp-content\/uploads\/2019\/04\/img-20190424-wa0149-150x150.jpg 150w\" sizes=\"auto, (max-width: 364px) 100vw, 364px\" \/><\/p>\n<p style=\"text-align:justify;\">A m\u00ed esto me causa cansancio existencial y solamente descanso peregrinando a mi interior, a lo hondo del coraz\u00f3n. Es necesario cuidar nuestra interioridad y ejercitarnos en reflexionar y adentrarnos en nuestro propio coraz\u00f3n sin miedo: escuchar nuestro interior con receptividad, amando las preguntas y apreciando las respuestas, pues son una revelaci\u00f3n sobre nosotros mismos y el rumbo de nuestra vida.<\/p>\n<p style=\"text-align:justify;\">Si alguien arguye que no es creyente para esquivar esta atenci\u00f3n al propio interior, yo le respondo con todo cari\u00f1o y respeto que la interiorizaci\u00f3n y el escuchar la propia conciencia no es patrimonio exclusivo de los que practicamos una religi\u00f3n, sino de todo ser humano.<\/p>\n<p style=\"text-align:justify;\">Hay una pregunta de Jes\u00fas en el Evangelio, que estos d\u00edas de Pascua repetimos los creyentes: <em>\u201cMujer\u2026 \u00bfpor qu\u00e9 lloras?\u201d <\/em>Os abro mi coraz\u00f3n y os digo -en medio del gozo de la Pascua- lo que me hace llorar. Lloro por los atentados de Sri Lanka. Lloro por las v\u00edctimas, y lloro por los familiares de las v\u00edctimas, por tantas familias rotas por la crueldad de seres humanos fan\u00e1ticos que -despiadadamente y en el nombre de Dios- matan y siembran el terror.<img loading=\"lazy\" decoding=\"async\" class=\"  wp-image-13078 alignright\" src=\"https:\/\/madreolgamaria.files.wordpress.com\/2019\/03\/img-20190307-wa0002.jpg\" alt=\"IMG-20190307-WA0002.jpg\" width=\"203\" height=\"308\" srcset=\"https:\/\/madreolgamaria.com\/wp-content\/uploads\/2019\/03\/img-20190307-wa0002.jpg 526w, https:\/\/madreolgamaria.com\/wp-content\/uploads\/2019\/03\/img-20190307-wa0002-197x300.jpg 197w\" sizes=\"auto, (max-width: 203px) 100vw, 203px\" \/> Me rasga el coraz\u00f3n que fueran a celebrar la Misa de Pascua y encontraran la muerte de esa manera. Lloro por tantos seres humanos atropellados sin que nadie se detenga\u2026 \u00bfPor qu\u00e9 llor\u00e1is vosotros, amigos lectores? Quiz\u00e1s deber\u00edamos preguntarnos esto: \u00bfPor qu\u00e9 lloro yo? \u00bfQu\u00e9 es lo que me duele de verdad? \u00bfO ya no lloro por nada y me da todo lo mismo?<\/p>\n<p style=\"text-align:justify;\">Creo que es importante entrar en nuestro coraz\u00f3n y revisarlo, no sea que nos estemos volviendo insensibles, duros y sin entra\u00f1as, o peor a\u00fan: superficiales ego\u00edstas que sufren por banalidades y tonter\u00edas.<\/p>\n<p style=\"text-align:justify;\">Las preguntas formuladas desde la conciencia y desde el coraz\u00f3n abierto nos lanzan hacia la vida, hacia la novedad, hacia el bien, y nos alejan de la vida vegetativa, ego\u00edsta, despersonalizada y alienante que es la oferta n\u00famero uno y aparentemente gratis de la sociedad actual\u2026 Digo bien: aparentemente gratis, porque nos dicen que es gratis, pero pagamos el precio m\u00e1s alto: el del borreguismo, el de la p\u00e9rdida de la libertad, el de no saber ya qui\u00e9nes somos, de d\u00f3nde venimos, para qu\u00e9 estamos en este mundo, hacia d\u00f3nde vamos\u2026<\/p>\n<p style=\"text-align:justify;\">Es bueno que de vez en cuando entremos en nuestro interior y nos planteemos: \u00bfqu\u00e9 busco yo en mi vida? \u00bfcu\u00e1les son mis deseos m\u00e1s \u00edntimos? \u00bfqu\u00e9 cosas me duelen y me quitan el sue\u00f1o? \u00bfcu\u00e1l es la causa de mis l\u00e1grimas? \u00bflloro alguna vez de alegr\u00eda y agradezco todo lo bueno que tengo y sucede en mi vida? \u00bfpienso alguna vez, con l\u00e1grimas en los ojos, en los que est\u00e1n peor que yo o vivo permanentemente centrada en \u201cyo-mi-me-conmigo\u201d?<\/p>\n<p style=\"text-align:justify;\">S\u00e9 que no es f\u00e1cil, pero me atrevo a pediros, queridos lectores creyentes y no creyentes, que os tom\u00e9is un tiempo y os sent\u00e9is cara a cara con esta pregunta: \u00bfpor qu\u00e9 llorais en la vida?<\/p>\n<p>&nbsp;<\/p>\n","protected":false},"excerpt":{"rendered":"<p>En estos d\u00edas previos a las elecciones el bombardeo informativo es tremendo; nos disparan desde todas las partes y con dardos de todo tipo, color y pelaje: nos asaltan ideolog\u00edas variadas y contrapuestas que toca un ampl\u00edsimo abanico de temas y cuestiones. Es un aut\u00e9ntico acoso de preguntas desde el exterior sobre nuestros gustos, nuestras [&hellip;]<\/p>\n","protected":false},"author":2,"featured_media":13103,"comment_status":"open","ping_status":"open","sticky":false,"template":"","format":"standard","meta":{"_jetpack_memberships_contains_paid_content":false,"footnotes":""},"categories":[6],"tags":[],"class_list":{"0":"post-13104","1":"post","2":"type-post","3":"status-publish","4":"format-standard","5":"has-post-thumbnail","6":"hentry","7":"category-sin-categoria","9":"fallback-thumbnail"},"jetpack_featured_media_url":"https:\/\/madreolgamaria.com\/wp-content\/uploads\/2019\/04\/img-20190424-wa0149.jpg","jetpack_sharing_enabled":true,"_links":{"self":[{"href":"https:\/\/madreolgamaria.com\/index.php?rest_route=\/wp\/v2\/posts\/13104","targetHints":{"allow":["GET"]}}],"collection":[{"href":"https:\/\/madreolgamaria.com\/index.php?rest_route=\/wp\/v2\/posts"}],"about":[{"href":"https:\/\/madreolgamaria.com\/index.php?rest_route=\/wp\/v2\/types\/post"}],"author":[{"embeddable":true,"href":"https:\/\/madreolgamaria.com\/index.php?rest_route=\/wp\/v2\/users\/2"}],"replies":[{"embeddable":true,"href":"https:\/\/madreolgamaria.com\/index.php?rest_route=%2Fwp%2Fv2%2Fcomments&post=13104"}],"version-history":[{"count":0,"href":"https:\/\/madreolgamaria.com\/index.php?rest_route=\/wp\/v2\/posts\/13104\/revisions"}],"wp:featuredmedia":[{"embeddable":true,"href":"https:\/\/madreolgamaria.com\/index.php?rest_route=\/wp\/v2\/media\/13103"}],"wp:attachment":[{"href":"https:\/\/madreolgamaria.com\/index.php?rest_route=%2Fwp%2Fv2%2Fmedia&parent=13104"}],"wp:term":[{"taxonomy":"category","embeddable":true,"href":"https:\/\/madreolgamaria.com\/index.php?rest_route=%2Fwp%2Fv2%2Fcategories&post=13104"},{"taxonomy":"post_tag","embeddable":true,"href":"https:\/\/madreolgamaria.com\/index.php?rest_route=%2Fwp%2Fv2%2Ftags&post=13104"}],"curies":[{"name":"wp","href":"https:\/\/api.w.org\/{rel}","templated":true}]}}