{"id":13099,"date":"2019-04-19T13:37:12","date_gmt":"2019-04-19T13:37:12","guid":{"rendered":"https:\/\/madreolgamaria.com\/?p=13099"},"modified":"2019-04-19T13:37:12","modified_gmt":"2019-04-19T13:37:12","slug":"la-cruz-victoriosa","status":"publish","type":"post","link":"https:\/\/madreolgamaria.com\/?p=13099","title":{"rendered":"LA CRUZ VICTORIOSA"},"content":{"rendered":"<p style=\"text-align:justify;\">Esta Semana Santa pasar\u00e1 a la historia como la Semana Santa del incendio de Notre Dame. La verdad es que este incendio nos ha sacudido a todos\u2026 tuvo lugar el Lunes Santo y estas l\u00edneas saldr\u00e1n a la luz el Viernes Santo\u2026 \u00bfc\u00f3mo voy a hablar de otra cosa? La cristiana cat\u00f3lica que soy aflora con fuerza en cada letra de este art\u00edculo, y no puedo ni quiero evitarlo; intentar\u00e9 no ser demasiado monjil: es lo \u00fanico que puedo prometer.<\/p>\n<p style=\"text-align:justify;\">Todo me ha impresionado: las llamas devorando la inmensa y majestuosa catedral en medio de la ciudad, sin poder detenerlas a pesar de los esfuerzos, la ca\u00edda de la aguja, lo inesperado y fortuito del desastre\u2026 pero sobre todo me ha impresionado que, tras la lucha contra el fuego, cuando los bomberos han accedido al interior de la Catedral, lo primero que han visto, refulgente, elevada en su lugar de siempre, inalterable, victoriosa sobre el incendio y el desastre, ha sido la cruz. \u00a1\u00a1\u00a1Bendita Cruz!!!<img loading=\"lazy\" decoding=\"async\" class=\"  wp-image-13100 alignleft\" src=\"https:\/\/madreolgamaria.files.wordpress.com\/2019\/04\/altar-notre-dame-tras-incendio-1555401325688.jpg\" alt=\"altar-notre-dame-tras-incendio-1555401325688\" width=\"439\" height=\"265\" srcset=\"https:\/\/madreolgamaria.com\/wp-content\/uploads\/2019\/04\/altar-notre-dame-tras-incendio-1555401325688.jpg 1200w, https:\/\/madreolgamaria.com\/wp-content\/uploads\/2019\/04\/altar-notre-dame-tras-incendio-1555401325688-300x181.jpg 300w, https:\/\/madreolgamaria.com\/wp-content\/uploads\/2019\/04\/altar-notre-dame-tras-incendio-1555401325688-1024x619.jpg 1024w, https:\/\/madreolgamaria.com\/wp-content\/uploads\/2019\/04\/altar-notre-dame-tras-incendio-1555401325688-768x464.jpg 768w\" sizes=\"auto, (max-width: 439px) 100vw, 439px\" \/><\/p>\n<p style=\"text-align:justify;\">En este Viernes Santo no puedo dejar de hablar de ella, de exponer lo que ella significa y de gritar a los cuatro vientos su grandeza y su fuerza: m\u00e1s de dos mil a\u00f1os, persecuciones de todo tipo, incendios y miles de calamidades\u2026 no han podido acabar con ella. Al contrario: por encima de mil desgracias y adversidades\u2026 ella emerge victoriosa y bella. La Cruz es el signo de la victoria del bien sobre el mal, la luz sobre la tiniebla, lo eterno sobre lo ef\u00edmero\u2026 la cruz -nos guste o no, creamos o no- ha presidido y marcado la historia de todo el occidente. Todos los occidentales somos hijos de la cruz y de los valores y cultura cristianos que ella representa, podemos decir que la llevamos en nuestra gen\u00e9tica. \u00a1Dejemos ya de renegar de ella! Si no la amamos y no la honramos demasiado\u2026 al menos dejemos de perseguir y denigrarla.<\/p>\n<p style=\"text-align:justify;\">En Notre Dame de Par\u00eds ha quedado claro: no va a desaparecer, no la van a borrar. La fotograf\u00eda de la cruz brillante victoriosa sobre las cenizas debe hacernos reflexionar sobre c\u00f3mo las cosas que nos parecen m\u00e1s imperecederas (y la catedral de Notre Dame era un s\u00edmbolo ancestral de Par\u00eds y Francia) de pronto y sin poder evitarlo, desaparecen, son destruidas, pero la cruz siempre permanece\u2026 <img loading=\"lazy\" decoding=\"async\" class=\"  wp-image-13101 alignright\" src=\"https:\/\/madreolgamaria.files.wordpress.com\/2019\/04\/flames-and-smoke-rise-notre-dame-cathedral-it-burns-paris-monday-april-15-2019-massive-plumes-yellow-brown-smoke-filling-air-above-notre-dame-cathedral-and-ash-falling-tourists-and-other.jpg\" alt=\"flames-and-smoke-rise-notre-dame-cathedral-it-burns-paris-monday-april-15-2019-massive-plumes-yellow-brown-smoke-filling-air-above-notre-dame-cathedral-and-ash-falling-tourists-and-others-around\" width=\"340\" height=\"253\" srcset=\"https:\/\/madreolgamaria.com\/wp-content\/uploads\/2019\/04\/flames-and-smoke-rise-notre-dame-cathedral-it-burns-paris-monday-april-15-2019-massive-plumes-yellow-brown-smoke-filling-air-above-notre-dame-cathedral-and-ash-falling-tourists-and-other.jpg 480w, https:\/\/madreolgamaria.com\/wp-content\/uploads\/2019\/04\/flames-and-smoke-rise-notre-dame-cathedral-it-burns-paris-monday-april-15-2019-massive-plumes-yellow-brown-smoke-filling-air-above-notre-dame-cathedral-and-ash-falling-tourists-and-other-300x224.jpg 300w\" sizes=\"auto, (max-width: 340px) 100vw, 340px\" \/>y permanecer\u00e1.<\/p>\n<p style=\"text-align:justify;\">Las llamas devoraban el edificio, desde el exterior no sab\u00edamos qu\u00e9 pasaba dentro, nos interrog\u00e1bamos sobre lo que estar\u00eda pasando en el interior del templo y nos angustiaba la posibilidad de que todo se viniera abajo, de que la venerable estructura g\u00f3tica de la bell\u00edsima catedral no resistiera la voracidad despiadada del incendio, pero en el interior, silenciosa y firme presid\u00eda la Cruz\u2026 y Notre Dame est\u00e1 maltrecha, pero sigue en pie. As\u00ed cada uno de nosotros si dejamos que la Cruz presida nuestra vida: entre el humo, las cenizas y la oscuridad brillar\u00e1 la esperanza de la luz y de la vida; todos los dolores, males y desperfectos pueden ser reconstruidos y reparados. Me resta terminar estas l\u00edneas, en este Viernes Santo, cantando un himno que se enton\u00f3 en Francia por primera vez en el a\u00f1o 569, con motivo del traslado de las reliquias de la Vera Cruz a Poitiers: <em>O Crux ave, spes \u00fanica, hoc Passionis tempore!<\/em> \u00a1Salve, oh Cruz, nuestra \u00fanica esperanza, en estos tiempos dif\u00edciles!<\/p>\n<p style=\"text-align:justify;\">\n","protected":false},"excerpt":{"rendered":"<p>Esta Semana Santa pasar\u00e1 a la historia como la Semana Santa del incendio de Notre Dame. La verdad es que este incendio nos ha sacudido a todos\u2026 tuvo lugar el Lunes Santo y estas l\u00edneas saldr\u00e1n a la luz el Viernes Santo\u2026 \u00bfc\u00f3mo voy a hablar de otra cosa? La cristiana cat\u00f3lica que soy aflora [&hellip;]<\/p>\n","protected":false},"author":2,"featured_media":13100,"comment_status":"open","ping_status":"open","sticky":false,"template":"","format":"standard","meta":{"_jetpack_memberships_contains_paid_content":false,"footnotes":""},"categories":[6],"tags":[],"class_list":{"0":"post-13099","1":"post","2":"type-post","3":"status-publish","4":"format-standard","5":"has-post-thumbnail","6":"hentry","7":"category-sin-categoria","9":"fallback-thumbnail"},"jetpack_featured_media_url":"https:\/\/madreolgamaria.com\/wp-content\/uploads\/2019\/04\/altar-notre-dame-tras-incendio-1555401325688.jpg","jetpack_sharing_enabled":true,"_links":{"self":[{"href":"https:\/\/madreolgamaria.com\/index.php?rest_route=\/wp\/v2\/posts\/13099","targetHints":{"allow":["GET"]}}],"collection":[{"href":"https:\/\/madreolgamaria.com\/index.php?rest_route=\/wp\/v2\/posts"}],"about":[{"href":"https:\/\/madreolgamaria.com\/index.php?rest_route=\/wp\/v2\/types\/post"}],"author":[{"embeddable":true,"href":"https:\/\/madreolgamaria.com\/index.php?rest_route=\/wp\/v2\/users\/2"}],"replies":[{"embeddable":true,"href":"https:\/\/madreolgamaria.com\/index.php?rest_route=%2Fwp%2Fv2%2Fcomments&post=13099"}],"version-history":[{"count":0,"href":"https:\/\/madreolgamaria.com\/index.php?rest_route=\/wp\/v2\/posts\/13099\/revisions"}],"wp:featuredmedia":[{"embeddable":true,"href":"https:\/\/madreolgamaria.com\/index.php?rest_route=\/wp\/v2\/media\/13100"}],"wp:attachment":[{"href":"https:\/\/madreolgamaria.com\/index.php?rest_route=%2Fwp%2Fv2%2Fmedia&parent=13099"}],"wp:term":[{"taxonomy":"category","embeddable":true,"href":"https:\/\/madreolgamaria.com\/index.php?rest_route=%2Fwp%2Fv2%2Fcategories&post=13099"},{"taxonomy":"post_tag","embeddable":true,"href":"https:\/\/madreolgamaria.com\/index.php?rest_route=%2Fwp%2Fv2%2Ftags&post=13099"}],"curies":[{"name":"wp","href":"https:\/\/api.w.org\/{rel}","templated":true}]}}