{"id":12632,"date":"2018-07-20T09:19:08","date_gmt":"2018-07-20T09:19:08","guid":{"rendered":"https:\/\/madreolgamaria.com\/?p=12632"},"modified":"2018-07-20T09:19:08","modified_gmt":"2018-07-20T09:19:08","slug":"la-virtud-mas-eminente","status":"publish","type":"post","link":"https:\/\/madreolgamaria.com\/?p=12632","title":{"rendered":"LA VIRTUD MAS EMINENTE"},"content":{"rendered":"<p style=\"text-align:justify;\"><em>\u201cNo hay virtud m\u00e1s eminente \/ que el hacer sencillamente \/ lo que tenemos que hacer\u201d. <\/em>Estos versos de Jos\u00e9 Mar\u00eda Pem\u00e1n en \u201cEl Divino Impaciente\u201d, siempre han llamado poderosamente mi atenci\u00f3n. Sobre todo si tenemos en cuenta que, como monja\u2026 estoy \u201cllamada\u201d a ser virtuosa. Al menos\u2026 es lo que se presupone en una monja \u00bfno? Aunque yo creo que cualquier ser humano est\u00e1 llamado a ser buena persona, a cultivar virtudes.<\/p>\n<p style=\"text-align:justify;\">Pero esto de la virtud\u2026 \u00bfen qu\u00e9 consiste? \u00bfno suena a sacrist\u00eda antigua y \u00f1o\u00f1a? Pues no: el diccionario de la RAE la define como \u201cintegridad de \u00e1nimo y bondad de vida\u201d. Reconozco que me parece una definici\u00f3n preciosa que, adem\u00e1s, deja claro que la virtud no es algo exclusivamente cristiano y que todo ser humano ha de ser virtuoso. La virtud cristiana o evang\u00e9lica es una cosa de la que los no creyentes pueden considerarse exclu\u00eddos, pero hay otra virtud esencialmente humana, moral, que inclina a la persona \u201ca obrar de acuerdo con determinados proyectos ideales, como el bien, la verdad, la justicia y la belleza.\u201d<\/p>\n<p style=\"text-align:justify;\">As\u00ed que\u2026 \u00a1se a<img loading=\"lazy\" decoding=\"async\" class=\"  wp-image-12625 alignright\" src=\"https:\/\/madreolgamaria.files.wordpress.com\/2018\/07\/img-20180715-wa0010.jpg\" alt=\"IMG-20180715-WA0010.jpg\" width=\"400\" height=\"225\" srcset=\"https:\/\/madreolgamaria.com\/wp-content\/uploads\/2018\/07\/img-20180715-wa0010.jpg 1599w, https:\/\/madreolgamaria.com\/wp-content\/uploads\/2018\/07\/img-20180715-wa0010-300x169.jpg 300w, https:\/\/madreolgamaria.com\/wp-content\/uploads\/2018\/07\/img-20180715-wa0010-1024x576.jpg 1024w, https:\/\/madreolgamaria.com\/wp-content\/uploads\/2018\/07\/img-20180715-wa0010-768x432.jpg 768w, https:\/\/madreolgamaria.com\/wp-content\/uploads\/2018\/07\/img-20180715-wa0010-1536x864.jpg 1536w\" sizes=\"auto, (max-width: 400px) 100vw, 400px\" \/>cab\u00f3 escurrir el bulto y mirar para otra parte! Es ya la hora de coger el toro por los cuernos y ponerse a ello. Y por eso he empezado con los versos de Pem\u00e1n, porque definen muy bien lo que es la virtud en la pr\u00e1ctica. Nos resuelve la duda de qu\u00e9 hay que hacer y de c\u00f3mo hacerlo.<\/p>\n<p style=\"text-align:justify;\">\u00a1S\u00ed! Resulta que la virtud m\u00e1s eminente, la \u00f3ptima y la m\u00e1s destacable, es la de hacer en cada momento lo que hay que hacer, cumplir con el propio deber y ser fieles a los compromisos adquiridos -de la \u00edndole que sean- a la palabra dada, a los propios principios. Esto no es nada sencillo: requiere una constancia y una libertad muy grandes, requiere una absoluta integridad y una conciencia insobornable, que no sea llevada y tra\u00edda por cualquier idea u opini\u00f3n. Esto \u00faltimo es lo m\u00e1s dif\u00edcil: la libertad y la rectitud de hacer lo que consideramos justo en cada momento, sin dejarnos influenciar por los de alrededor, el ser capaces de ir muchas veces contra corriente, pagando el precio de sentirse solos o \u201craros\u201d, por no plegarse a lo pol\u00edticamente correcto, o a lo que hace y dice la mayor\u00eda.<\/p>\n<p style=\"text-align:justify;\">Y tambi\u00e9n ese \u201chacer sencillamente lo que tenemos que hacer\u201d, yo lo comprendo desde la grandeza de hacer en cada momento lo que toca con buena cara y con alegr\u00eda, sin esperar a grandes gestas o discursos grandilocuentes y acciones espectaculares. A veces queremos hacer <img loading=\"lazy\" decoding=\"async\" class=\"  wp-image-12486 alignleft\" src=\"https:\/\/madreolgamaria.files.wordpress.com\/2018\/06\/img-20180603-wa0416.jpg\" alt=\"IMG-20180603-WA0416.jpg\" width=\"348\" height=\"232\" srcset=\"https:\/\/madreolgamaria.com\/wp-content\/uploads\/2018\/06\/img-20180603-wa0416.jpg 1500w, https:\/\/madreolgamaria.com\/wp-content\/uploads\/2018\/06\/img-20180603-wa0416-300x200.jpg 300w, https:\/\/madreolgamaria.com\/wp-content\/uploads\/2018\/06\/img-20180603-wa0416-1024x683.jpg 1024w, https:\/\/madreolgamaria.com\/wp-content\/uploads\/2018\/06\/img-20180603-wa0416-768x512.jpg 768w\" sizes=\"auto, (max-width: 348px) 100vw, 348px\" \/>grandes cosas por los dem\u00e1s y no hacemos lo que toca hacer en ese momento, y dejamos pasar un mont\u00f3n de peque\u00f1os detalles y de ocasiones de servir y hacer el bien. Simplemente dar lo mejor de ti mismo en cada momento esperando el autob\u00fas, bajando al supermercado, poniendo una lavadora\u2026 esas cosas tan sencillas y simples, pero tan valiosas si somos capaces de vivirlas desde la donaci\u00f3n de nosotros mismos y de convertirlas en actos de virtud. Por eso las palabras de Pem\u00e1n me tocan tan hondo: cualquier cosilla aparentemente sin importancia, puede ser transformada en un acto de \u201cvirtud eminente\u201d.<\/p>\n","protected":false},"excerpt":{"rendered":"<p>\u201cNo hay virtud m\u00e1s eminente \/ que el hacer sencillamente \/ lo que tenemos que hacer\u201d. Estos versos de Jos\u00e9 Mar\u00eda Pem\u00e1n en \u201cEl Divino Impaciente\u201d, siempre han llamado poderosamente mi atenci\u00f3n. Sobre todo si tenemos en cuenta que, como monja\u2026 estoy \u201cllamada\u201d a ser virtuosa. Al menos\u2026 es lo que se presupone en una [&hellip;]<\/p>\n","protected":false},"author":2,"featured_media":12625,"comment_status":"open","ping_status":"open","sticky":false,"template":"","format":"standard","meta":{"_jetpack_memberships_contains_paid_content":false,"footnotes":""},"categories":[6],"tags":[],"class_list":{"0":"post-12632","1":"post","2":"type-post","3":"status-publish","4":"format-standard","5":"has-post-thumbnail","6":"hentry","7":"category-sin-categoria","9":"fallback-thumbnail"},"jetpack_featured_media_url":"https:\/\/madreolgamaria.com\/wp-content\/uploads\/2018\/07\/img-20180715-wa0010.jpg","jetpack_sharing_enabled":true,"_links":{"self":[{"href":"https:\/\/madreolgamaria.com\/index.php?rest_route=\/wp\/v2\/posts\/12632","targetHints":{"allow":["GET"]}}],"collection":[{"href":"https:\/\/madreolgamaria.com\/index.php?rest_route=\/wp\/v2\/posts"}],"about":[{"href":"https:\/\/madreolgamaria.com\/index.php?rest_route=\/wp\/v2\/types\/post"}],"author":[{"embeddable":true,"href":"https:\/\/madreolgamaria.com\/index.php?rest_route=\/wp\/v2\/users\/2"}],"replies":[{"embeddable":true,"href":"https:\/\/madreolgamaria.com\/index.php?rest_route=%2Fwp%2Fv2%2Fcomments&post=12632"}],"version-history":[{"count":0,"href":"https:\/\/madreolgamaria.com\/index.php?rest_route=\/wp\/v2\/posts\/12632\/revisions"}],"wp:featuredmedia":[{"embeddable":true,"href":"https:\/\/madreolgamaria.com\/index.php?rest_route=\/wp\/v2\/media\/12625"}],"wp:attachment":[{"href":"https:\/\/madreolgamaria.com\/index.php?rest_route=%2Fwp%2Fv2%2Fmedia&parent=12632"}],"wp:term":[{"taxonomy":"category","embeddable":true,"href":"https:\/\/madreolgamaria.com\/index.php?rest_route=%2Fwp%2Fv2%2Fcategories&post=12632"},{"taxonomy":"post_tag","embeddable":true,"href":"https:\/\/madreolgamaria.com\/index.php?rest_route=%2Fwp%2Fv2%2Ftags&post=12632"}],"curies":[{"name":"wp","href":"https:\/\/api.w.org\/{rel}","templated":true}]}}