{"id":12628,"date":"2018-07-18T15:05:08","date_gmt":"2018-07-18T15:05:08","guid":{"rendered":"https:\/\/madreolgamaria.com\/?p=12628"},"modified":"2018-07-18T15:05:08","modified_gmt":"2018-07-18T15:05:08","slug":"gozando-con-la-propia-pequenez","status":"publish","type":"post","link":"https:\/\/madreolgamaria.com\/?p=12628","title":{"rendered":"Gozando con la propia peque\u00f1ez"},"content":{"rendered":"<p style=\"text-align:justify;\">Teresita, en su \u00faltima enfermedad, ya al final, cuando estaba en un grado de perfecci\u00f3n alt\u00edsimo, segu\u00eda sinti\u00e9ndose peque\u00f1a y dici\u00e9ndose peque\u00f1a, y un d\u00eda le pas\u00f3, con la madre In\u00e9s, el 25 de mayo de 1897, un momento de mal humor, cosa que en ella no era habitual, porque ella era una persona -por naturaleza, adem\u00e1s de por virtud- apacible, no era una persona f\u00e1cilmente irascible, que se malhumorara con facilidad.<\/p>\n<p style=\"text-align:justify;\">Ten\u00eda otros defectos de naturaleza, pero precisamente el malhumor no era de sus defectos dominantes. Y ese d\u00eda, el 25 de mayo de 1897, cuatro meses antes d<img loading=\"lazy\" decoding=\"async\" class=\"  wp-image-12614 alignright\" src=\"https:\/\/madreolgamaria.files.wordpress.com\/2018\/07\/img-20180710-wa0004.jpg\" alt=\"IMG-20180710-WA0004.jpg\" width=\"274\" height=\"365\" srcset=\"https:\/\/madreolgamaria.com\/wp-content\/uploads\/2018\/07\/img-20180710-wa0004.jpg 768w, https:\/\/madreolgamaria.com\/wp-content\/uploads\/2018\/07\/img-20180710-wa0004-225x300.jpg 225w\" sizes=\"auto, (max-width: 274px) 100vw, 274px\" \/>e su muerte, pues tuvo -estaba en la enfermer\u00eda, en la cama, enferma ya de muerte- un momento de mal humor, y la Madre In\u00e9s se dio cuenta perfectamente.<\/p>\n<p style=\"text-align:justify;\">La Madre In\u00e9s, por si alguien no lo sabe, era su hermana mayor, su hermanan Paulina, que la conoc\u00eda muy bien, la quer\u00eda mucho. Y delante de ella tuvo Teresita un estallido de mal humor. Y a prop\u00f3sito de este suceso ella escribe: <em>\u201cNo me apeno de ver que soy la debilidad misma. Por el contrario, me glor\u00eda en ella y espero descubrir en m\u00ed, cada d\u00eda, nuevas imperfecciones\u201d.<\/em> Cuatro meses antes de su muerte ella dice: <em>\u201cMe glor\u00edo en mi debilidad<\/em> -como san Pablo- <em>y espero descubrir en m\u00ed, cada d\u00eda, nuevas imperfecciones. Lo confieso. Estas luces que Dios me da sobre mi nada me hacen mayor bien que las luces que recibo sobre la fe\u201d.<\/em><\/p>\n<p style=\"text-align:justify;\">Es una afirmaci\u00f3n impresionante, porque ella era consciente de que su vida se estaba acabando, sab\u00eda que le quedaba muy poco tiempo de vida. Y dice que las luces que Dios le da sobre su propia nada le hacen mayor bien espiritual y le aprovechan m\u00e1s que las luces de la fe.<\/p>\n<p style=\"text-align:justify;\">Teresita encuentra siempre en su miseria un manantial de alegr\u00eda. \u00bfPor qu\u00e9? \u00bfPorque era rarita? No. Porque era realista y porque era inteligente. Ella sabe que su miseria es el im\u00e1n poderos\u00edsimo que atrae indefectiblemente la misericordia de Dios. Por eso ella dice que se glor\u00eda en sus debilidades, porque la fuerza de Dios -lo dice san Pablo y ella lo ha experimentado- reside en ella entonces. Se hace plena en ella cuando palpa su propia debilidad. Por eso no se despecha, no se enfada\u2026 al contrario: se alegra, se regocija, porque sabe que Dios v<img loading=\"lazy\" decoding=\"async\" class=\"  wp-image-12349 alignleft\" src=\"https:\/\/madreolgamaria.files.wordpress.com\/2018\/04\/27336778_1528725887226403_2084618247917328567_n2.jpg\" alt=\"27336778_1528725887226403_2084618247917328567_n\" width=\"301\" height=\"301\" srcset=\"https:\/\/madreolgamaria.com\/wp-content\/uploads\/2018\/04\/27336778_1528725887226403_2084618247917328567_n2.jpg 720w, https:\/\/madreolgamaria.com\/wp-content\/uploads\/2018\/04\/27336778_1528725887226403_2084618247917328567_n2-300x300.jpg 300w, https:\/\/madreolgamaria.com\/wp-content\/uploads\/2018\/04\/27336778_1528725887226403_2084618247917328567_n2-150x150.jpg 150w\" sizes=\"auto, (max-width: 301px) 100vw, 301px\" \/>a a encargarse de todo.<\/p>\n<p style=\"text-align:justify;\">Porque a Dios no le queda otro remedio. No duda, porque conf\u00eda en Dios y -viendo que es la debilidad misma- sabe que Dios se va a encargar, que Dios lo va a arreglar. Sabe que si se presenta a \u00c9l en su pobreza le est\u00e1 \u201cobligando\u201d a intervenir, y dice una cosa que ojala pudi\u00e9ramos decir todos. Yo no la puedo decir por ahora, me gustar\u00eda poder decirla pero no la puedo decir: <em>\u201cExperimento un gozo muy vivo no s\u00f3lo por ser juzgada imperfecta, sino sobre todo por sentir que lo soy\u201d.<\/em><\/p>\n<p style=\"text-align:justify;\">\u00a1Toma ya! A ver qui\u00e9n es el guapo o la guapa que experimenta un gozo muy vivo, una gran alegr\u00eda, cuando la juzgan mal. Yo no. Estoy en ello, pero todav\u00eda no. Encima, no s\u00f3lo alegrarme de que me juzguen imperfecta, sino yo misma, estar convencida de que soy imperfecta y alegrarme en ello. Que no solamente me juzgan, es que de verdad lo soy. \u00bfQui\u00e9n puede decir eso?\u00a0 Yo no\u2026<\/p>\n<p style=\"text-align:justify;\">Estamos en ello, pero poder afirmar eso\u2026 como lo afirma ella, con ese realismo que te da el ver la muerte a la vuelta de la esquina\u2026 en esos momentos en que uno no se dedica a decir tonter\u00edas ni a hacer frases bonitas.<\/p>\n<p style=\"text-align:justify;\">Dice tambi\u00e9n: \u201c\u00bfC\u00f3mo afligirse de la opini\u00f3n desfavorable que puedan tener de m\u00ed si soy yo misma la que la participo?\u201d Si estoy convencida de ello, no me aflijo porque los dem\u00e1s lo afirmen.<\/p>\n<p style=\"text-align:justify;\">Si me aflijo cuando lo afirman es porque, en el f<img loading=\"lazy\" decoding=\"async\" class=\"  wp-image-12350 alignright\" src=\"https:\/\/madreolgamaria.files.wordpress.com\/2018\/04\/roble2_n.jpg\" alt=\"roble2_n\" width=\"367\" height=\"284\" srcset=\"https:\/\/madreolgamaria.com\/wp-content\/uploads\/2018\/04\/roble2_n.jpg 700w, https:\/\/madreolgamaria.com\/wp-content\/uploads\/2018\/04\/roble2_n-300x232.jpg 300w\" sizes=\"auto, (max-width: 367px) 100vw, 367px\" \/>ondo, aunque diga que soy como soy, que no valgo para nada y que soy la debilidad misma\u2026 no me lo creo ni en broma. Porque si lo creyera, y no lo dijera con la boca peque\u00f1a, el d\u00eda que me lo dicen no me pongo de los nervios, ni me angustio, ni me pasa nada. Cuando el hecho de que los dem\u00e1s lo afirmen nos turba, significa que en el fondo no nos hemos cre\u00eddo que seamos pobres.<\/p>\n<p style=\"text-align:justify;\">La pobreza espiritual de Teresita le sirve a ella para alimentar y estimular su esperanza. Pero generalmente las almas tenemos miedo de nuestra indigencia. Nos asusta much\u00edsimo nuestra pobreza, nos causa pavor, repulsa, miedo\u2026 Y si es posible\u2026 peleamos para que no se entere nadie. Nos avergonzamos de nuestra pobreza. Y nos dice Teresita: <em>\u201cQu\u00e9 pocas son las almas que aceptan las ca\u00eddas y las reca\u00eddas, el ser d\u00e9biles. Qu\u00e9 pocas son las que se alegran al verse por los suelos y comprobar que las dem\u00e1s las aventajan\u201d<\/em>. En esto, como en todo, da en el clavo.<\/p>\n<p style=\"text-align:justify;\">\n","protected":false},"excerpt":{"rendered":"<p>Teresita, en su \u00faltima enfermedad, ya al final, cuando estaba en un grado de perfecci\u00f3n alt\u00edsimo, segu\u00eda sinti\u00e9ndose peque\u00f1a y dici\u00e9ndose peque\u00f1a, y un d\u00eda le pas\u00f3, con la madre In\u00e9s, el 25 de mayo de 1897, un momento de mal humor, cosa que en ella no era habitual, porque ella era una persona -por [&hellip;]<\/p>\n","protected":false},"author":2,"featured_media":12614,"comment_status":"open","ping_status":"open","sticky":false,"template":"","format":"standard","meta":{"_jetpack_memberships_contains_paid_content":false,"footnotes":""},"categories":[6],"tags":[],"class_list":{"0":"post-12628","1":"post","2":"type-post","3":"status-publish","4":"format-standard","5":"has-post-thumbnail","6":"hentry","7":"category-sin-categoria","9":"fallback-thumbnail"},"jetpack_featured_media_url":"https:\/\/madreolgamaria.com\/wp-content\/uploads\/2018\/07\/img-20180710-wa0004.jpg","jetpack_sharing_enabled":true,"_links":{"self":[{"href":"https:\/\/madreolgamaria.com\/index.php?rest_route=\/wp\/v2\/posts\/12628","targetHints":{"allow":["GET"]}}],"collection":[{"href":"https:\/\/madreolgamaria.com\/index.php?rest_route=\/wp\/v2\/posts"}],"about":[{"href":"https:\/\/madreolgamaria.com\/index.php?rest_route=\/wp\/v2\/types\/post"}],"author":[{"embeddable":true,"href":"https:\/\/madreolgamaria.com\/index.php?rest_route=\/wp\/v2\/users\/2"}],"replies":[{"embeddable":true,"href":"https:\/\/madreolgamaria.com\/index.php?rest_route=%2Fwp%2Fv2%2Fcomments&post=12628"}],"version-history":[{"count":0,"href":"https:\/\/madreolgamaria.com\/index.php?rest_route=\/wp\/v2\/posts\/12628\/revisions"}],"wp:featuredmedia":[{"embeddable":true,"href":"https:\/\/madreolgamaria.com\/index.php?rest_route=\/wp\/v2\/media\/12614"}],"wp:attachment":[{"href":"https:\/\/madreolgamaria.com\/index.php?rest_route=%2Fwp%2Fv2%2Fmedia&parent=12628"}],"wp:term":[{"taxonomy":"category","embeddable":true,"href":"https:\/\/madreolgamaria.com\/index.php?rest_route=%2Fwp%2Fv2%2Fcategories&post=12628"},{"taxonomy":"post_tag","embeddable":true,"href":"https:\/\/madreolgamaria.com\/index.php?rest_route=%2Fwp%2Fv2%2Ftags&post=12628"}],"curies":[{"name":"wp","href":"https:\/\/api.w.org\/{rel}","templated":true}]}}