{"id":12346,"date":"2018-04-26T21:53:29","date_gmt":"2018-04-26T21:53:29","guid":{"rendered":"https:\/\/madreolgamaria.com\/?p=12346"},"modified":"2018-04-26T21:53:29","modified_gmt":"2018-04-26T21:53:29","slug":"no-tengais-miedo-con-cristo-siempre-hay-futuro-vi","status":"publish","type":"post","link":"https:\/\/madreolgamaria.com\/?p=12346","title":{"rendered":"\u00a1NO TENG\u00c1IS MIEDO! CON CRISTO SIEMPRE HAY FUTURO (VI)"},"content":{"rendered":"<p>&nbsp;<\/p>\n<p style=\"text-align:center;\"><em><strong>\u00a1No teng\u00e1is miedo!, con Cristo siempre hay futuro<\/strong><\/em><\/p>\n<p style=\"text-align:center;\"><em><strong>XIII jornadas \u201cCat\u00f3licos y vida p\u00fablica\u201d, en el Pa\u00eds Vasco<\/strong><\/em><\/p>\n<p style=\"text-align:center;\"><em><strong>Palacio Euskalduna, Bilbao\u00a0\u00a0<\/strong><strong>20 y 21 de abril de 2018<\/strong><\/em><\/p>\n<p style=\"text-align:center;\"><em><strong>Mesa Vocacional,\u00a0\u00a0<\/strong><strong>S\u00e1bado 21 de abril de 2018<\/strong><\/em><\/p>\n<p style=\"text-align:center;\"><em><strong>Preside: D. Jos\u00e9 Ram\u00f3n Altuna, Consiliario ADcP de Bilbao.<\/strong><\/em><\/p>\n<p>&nbsp;<\/p>\n<p style=\"text-align:justify;\"><strong>Y ya la \u00faltima, leo la introducci\u00f3n: Espa\u00f1a y el mundo occidental en su conjunto parecen abandonados de la mano de Dios pues por ejemplo en el derecho al aborto en la ideolog\u00eda de g\u00e9nero el ataque a la familia cristiana los sagrarios y burlas de los s\u00edmbolos cristianos etc\u00e9tera \u00bfQu\u00e9 debemos hacer los cat\u00f3licos para cambiar esta grav\u00edsima situaci\u00f3n de nuestro entorno? \u00bfLa oraci\u00f3n y el testimonio cristiano son suficientes herramientas? A los tres, si a alguien se le ocurre responder en el lema de: \u201c\u00a1No teng\u00e1is miedo!, que con Cristo hay futuro\u201d.<img loading=\"lazy\" decoding=\"async\" class=\"  wp-image-12345 alignleft\" src=\"https:\/\/madreolgamaria.files.wordpress.com\/2018\/04\/img-20180421-wa0028.jpeg\" alt=\"IMG-20180421-WA0028.jpeg\" width=\"322\" height=\"575\" \/><\/strong><\/p>\n<p style=\"text-align:justify;\">Yo s\u00ed que a\u00f1adir\u00eda una cosa a lo que ha dicho el padre Eugenio \u00bfno? primero puntualizar que Dios nunca deja a nadie de su mano; est\u00e1 claro que somos nosotros los que le hemos dado la espalda a \u00c9l y eso trae consecuencias y las estamos viviendo. Estamos recogiendo lo que durante mucho tiempo hemos sembrado y se sigue sembrando.<\/p>\n<p style=\"text-align:justify;\">Y yo creo que lo que hay que hacer primero, es no tener miedo; que el miedo no nos paralice y segundo&#8230; no aspirar a grandes resultados inmediatos que ese es uno de los fallos \u00bfno? A ver&#8230; Jes\u00fas muri\u00f3 de la peor manera y aquello ten\u00eda la peor pinta&#8230; de hecho los disc\u00edpulos de Ema\u00fas se fueron, porque \u00abaquello\u00bb&#8230;\u00a0 a Jes\u00fas se lo han cargado y esto se ha terminado, all\u00ed nadie esperaba nada.<\/p>\n<p style=\"text-align:justify;\">Y la Iglesia naci\u00f3 aquel viernes en el Calvario.\u00a0 Yo creo que lo primero que tenemos que tener claro es que el cristianismo y el Evangelio no es nada triunfalista, ni s\u00faper estupendo, ni de grandes efectos&#8230; somos llamados a ser levadura en la masa y la levadura no se ve, y cuando la metes en la masa&#8230; si t\u00fa no sabes seguro que la has metido, no sabes si est\u00e1 metida o no, porque de entrada la masa se queda igual. Hay que dejarla ah\u00ed enterrada con tiempo, y eso va haciendo su efecto, la masa fermenta, y aquello crece.<\/p>\n<p style=\"text-align:justify;\">Pero de entrada&#8230; no se consigue nada. Jes\u00fas nos dice: \u00abmirad que os env\u00edo como ovejas entre lobos\u00bb y \u00abllegar\u00e1 un momento en que los que os den muerte creer\u00e1n que est\u00e1n dando gloria a Dios\u00bb&#8230;\u00a0 Y todo esto es Palabra del Se\u00f1or Jes\u00fas, luego -cuando las cosas son como son- no deber\u00edamos asustarnos porque ya estamos advertidos. Otra cosa es que somos pobres y se nos olvida.<\/p>\n<p style=\"text-align:justify;\">Primero no desanimarnos, y segundo&#8230; darle al mundo de hoy lo que el mundo de hoy necesita; y el mundo de hoy ante todo es un mundo enfermo gravemente enfermo de amor. Mi experiencia -hablo desde mi humilde experiencia- es que, cuando viene una persona a ti, de estas que est\u00e1 totalmente descolocada, <img loading=\"lazy\" decoding=\"async\" class=\"  wp-image-12344 alignleft\" src=\"https:\/\/madreolgamaria.files.wordpress.com\/2018\/04\/img-20180420-wa0198.jpeg\" alt=\"IMG-20180420-WA0198.jpeg\" width=\"226\" height=\"404\" \/>perdida, hecha polvo&#8230; y muy desorientada, y te empieza a contar que no cree en nada, que esto es un rollo\u2026 t\u00fa la escuchas \u00bfno? y al final si t\u00fa le dices que est\u00e1 salvada te dice: \u00bfy a mi qu\u00e9?<\/p>\n<p style=\"text-align:justify;\">Es que no le hace ning\u00fan efecto, no le interesa estar salvada, porque no sabe bien ni de qu\u00e9 va el tema, pero si t\u00fa le dices -esta es la buena noticia que no anunciamos bien- que es infinitamente amada por Alguien&#8230; eso ya interesa m\u00e1s, porque lo de salvarse es una cosa muy et\u00e9rea que aqu\u00ed, a d\u00eda de hoy&#8230; y si es encima es despu\u00e9s de la muerte&#8230; para lo que me est\u00e1 pasando \u00bfQu\u00e9 soluci\u00f3n me das?<\/p>\n<p style=\"text-align:justify;\">Pues mira yo te voy a hablar del amor de mi vida, que es un amor concreto de un hombre que, al mismo tiempo,es Dios y que es Jesucristo. Y Este es el que cambia la vida y esa es la buena noticia que tenemos que anunciar: que Jesucristo nos ama hoy, ahora, aqu\u00ed, a ti en concreto, y con un coraz\u00f3n humano&#8230; que el hecho de que sea Dios no le convierte en un ovni <img loading=\"lazy\" decoding=\"async\" class=\"  wp-image-12343 alignright\" src=\"https:\/\/madreolgamaria.files.wordpress.com\/2018\/04\/img-20180420-wa0255.jpeg\" alt=\"IMG-20180420-WA0255.jpeg\" width=\"244\" height=\"435\" \/>o algo extra\u00f1o que no tiene nada que ver conmigo, sino en alguien personal y cercano, que me ama a m\u00ed y que quiere intimar conmigo, que tiene coraz\u00f3n ,que tiene entra\u00f1as, que sabe lo que es la tristeza, que sabe c\u00f3mo te sientes y que est\u00e1 deseando intimar contigo y que te quiere a ti. Y esa es la levadura que va fermentando la masa y da fruto. Como anunciemos el Evangelio de otra manera -al menos esa es mi experiencia- no funciona; hay que hacer a las personas cristianas y esto significa provocar que se encuentren con Cristo. Y cuando se encuentran con Cristo&#8230; Jes\u00fas es alguien tan absolutamente apasionante que, cuando le conoces, es imposible no quererle con locura y cuando t\u00fa te encuentras con Jes\u00fas y tienes una experiencia real con \u00c9l, comprendes que de verdad est\u00e1 vivo, no es un rollo que te cuentan los curas, sino que es verdad y que ya no lo sabes porque te lo cuentan, sino porque t\u00fa lo has experimentado. La vida te cambia y despu\u00e9s ya, a esa persona, la haces cat\u00f3lica apost\u00f3lica romana. Ya le dices todo lo que hay que hacer, todo\u00a0 lo que no se puede hacer&#8230; le cuentas el resto&#8230; pero lo principal es que se sienta amada por Jes\u00fas.<\/p>\n<p style=\"text-align:justify;\">Eso es lo que tenemos que hacer y desde ah\u00ed cambiaremos la sociedad. De otra manera no. Vamos yo creo que no.<\/p>\n<p style=\"text-align:justify;\">\n","protected":false},"excerpt":{"rendered":"<p>&nbsp; \u00a1No teng\u00e1is miedo!, con Cristo siempre hay futuro XIII jornadas \u201cCat\u00f3licos y vida p\u00fablica\u201d, en el Pa\u00eds Vasco Palacio Euskalduna, Bilbao\u00a0\u00a020 y 21 de abril de 2018 Mesa Vocacional,\u00a0\u00a0S\u00e1bado 21 de abril de 2018 Preside: D. Jos\u00e9 Ram\u00f3n Altuna, Consiliario ADcP de Bilbao. &nbsp; Y ya la \u00faltima, leo la introducci\u00f3n: Espa\u00f1a y el [&hellip;]<\/p>\n","protected":false},"author":2,"featured_media":12345,"comment_status":"open","ping_status":"open","sticky":false,"template":"","format":"standard","meta":{"_jetpack_memberships_contains_paid_content":false,"footnotes":""},"categories":[6],"tags":[],"class_list":{"0":"post-12346","1":"post","2":"type-post","3":"status-publish","4":"format-standard","5":"has-post-thumbnail","6":"hentry","7":"category-sin-categoria","9":"fallback-thumbnail"},"jetpack_featured_media_url":"https:\/\/madreolgamaria.com\/wp-content\/uploads\/2018\/04\/img-20180421-wa0028-scaled.jpeg","jetpack_sharing_enabled":true,"_links":{"self":[{"href":"https:\/\/madreolgamaria.com\/index.php?rest_route=\/wp\/v2\/posts\/12346","targetHints":{"allow":["GET"]}}],"collection":[{"href":"https:\/\/madreolgamaria.com\/index.php?rest_route=\/wp\/v2\/posts"}],"about":[{"href":"https:\/\/madreolgamaria.com\/index.php?rest_route=\/wp\/v2\/types\/post"}],"author":[{"embeddable":true,"href":"https:\/\/madreolgamaria.com\/index.php?rest_route=\/wp\/v2\/users\/2"}],"replies":[{"embeddable":true,"href":"https:\/\/madreolgamaria.com\/index.php?rest_route=%2Fwp%2Fv2%2Fcomments&post=12346"}],"version-history":[{"count":0,"href":"https:\/\/madreolgamaria.com\/index.php?rest_route=\/wp\/v2\/posts\/12346\/revisions"}],"wp:featuredmedia":[{"embeddable":true,"href":"https:\/\/madreolgamaria.com\/index.php?rest_route=\/wp\/v2\/media\/12345"}],"wp:attachment":[{"href":"https:\/\/madreolgamaria.com\/index.php?rest_route=%2Fwp%2Fv2%2Fmedia&parent=12346"}],"wp:term":[{"taxonomy":"category","embeddable":true,"href":"https:\/\/madreolgamaria.com\/index.php?rest_route=%2Fwp%2Fv2%2Fcategories&post=12346"},{"taxonomy":"post_tag","embeddable":true,"href":"https:\/\/madreolgamaria.com\/index.php?rest_route=%2Fwp%2Fv2%2Ftags&post=12346"}],"curies":[{"name":"wp","href":"https:\/\/api.w.org\/{rel}","templated":true}]}}