{"id":12338,"date":"2018-04-25T17:30:59","date_gmt":"2018-04-25T17:30:59","guid":{"rendered":"https:\/\/madreolgamaria.com\/?p=12338"},"modified":"2018-04-25T17:30:59","modified_gmt":"2018-04-25T17:30:59","slug":"no-tengais-miedo-con-cristo-siempre-hay-futuro-iv","status":"publish","type":"post","link":"https:\/\/madreolgamaria.com\/?p=12338","title":{"rendered":"NO TENG\u00c1IS MIEDO! CON CRISTO SIEMPRE HAY FUTURO (IV)"},"content":{"rendered":"<p>&nbsp;<\/p>\n<p style=\"text-align:center;\"><em><strong>\u00a1No teng\u00e1is miedo!, con Cristo siempre hay futuro<\/strong><\/em><\/p>\n<p style=\"text-align:center;\"><em><strong>XIII jornadas \u201cCat\u00f3licos y vida p\u00fablica\u201d, en el Pa\u00eds Vasco<\/strong><\/em><\/p>\n<p style=\"text-align:center;\"><em><strong>Palacio Euskalduna, Bilbao\u00a0\u00a0<\/strong><strong>20 y 21 de abril de 2018<\/strong><\/em><\/p>\n<p style=\"text-align:center;\"><em><strong>Mesa Vocacional,\u00a0\u00a0<\/strong><strong>S\u00e1bado 21 de abril de 2018<\/strong><\/em><\/p>\n<p style=\"text-align:center;\"><em><strong>Preside: D. Jos\u00e9 Ram\u00f3n Altuna, Consiliario ADcP de Bilbao.<\/strong><\/em><\/p>\n<p>&nbsp;<\/p>\n<p style=\"text-align:justify;\"><strong>Le voy a volver a preguntar a la hermana Olga, por la otra dimensi\u00f3n, que no quiero que se pierda: en la vida religiosa est\u00e1 la pobreza, el voto de pobreza. En un mundo donde el amor al dinero es la \u00fanica ideolog\u00eda que perdura, han ca\u00eddo muchas ideolog\u00edas, pero el amor al dinero \u00a1no!, ese no cae: derecha, izquierda, centro, todos nosotros. Bien \u00bfes posible no buscar una seguridad econ\u00f3mica o no contar con ella? Bueno, h\u00e1blanos un poco que es para ti esta dimensi\u00f3n de la pobreza.<\/strong><\/p>\n<p style=\"text-align:justify;\">Es posible. Pasa como con lo de la castidad, posible es, f\u00e1cil no, pero posible es. A ver, esto es muy sencillo,\u00a0 desde el principio, podemos tener mil dificultades pero&#8230;.yo se lo digo muchas veces a las hermanas: \u00a1cuidado con el dinero! Porque encima es un veneno legal, o sea, moneda de curso legal, veneno de curso legal, ese es el dinero \u00bfno?<img loading=\"lazy\" decoding=\"async\" class=\"  wp-image-12327 alignleft\" src=\"https:\/\/madreolgamaria.files.wordpress.com\/2018\/04\/img-20180420-wa0131.jpeg\" alt=\"IMG-20180420-WA0131.jpeg\" width=\"274\" height=\"487\" \/><\/p>\n<p style=\"text-align:justify;\">Y no s\u00e9 que tenemos que se nos adhiere sin querer: es muy dif\u00edcil tener dinero, poseer bienes y no apegarse a ellos \u00bfno? Entonces yo siempre le digo al Se\u00f1or: danos lo justito y cuanto menos mejor, porque as\u00ed nos evitamos peligros. Y ya Jes\u00fas nos advierte del resto de pecados y del resto de males;\u00a0 nos advierte y nos ense\u00f1a, pero fijaos: que del dinero dice que no se puede servir a dos se\u00f1ores. El dinero llega a ense\u00f1orear la vida de una persona; se pone al nivel de Dios y Jes\u00fas nos advierte del peligro: cuidado con el dinero que se convierte en un dios.<\/p>\n<p style=\"text-align:justify;\">No es simplemente una tentaci\u00f3n, no es simplemente un mal, no es simplemente un pecado m\u00e1s&#8230; llega a convertirse en due\u00f1o de una persona y una persona que deja que el dinero se convierta en su dios&#8230; ha desterrado para siempre de su vida la felicidad, ha desterrado para siempre de su vida el amor y -en definitiva- ha dejado de vivir, se le ha metalizado el coraz\u00f3n y ha dejado de ser persona, para convertirse en m\u00e1quina de guardar y producir dinero.<\/p>\n<p style=\"text-align:justify;\">\u00bfEsto qu\u00e9 quiere decir? pues que los bienes tenemos que aprender todos a utilizarlos conforme al plan de Dios: hay que servirse de ellos y tienen que servirnos para vivir para el Se\u00f1or, para realizar nuestra vocaci\u00f3n cristiana, para ayudarnos y ayudar a otros a ser de verdad hijos de Dios, es el fin de los bienes.<\/p>\n<p style=\"text-align:justify;\">Y en la vida consagrada procuramos desentendernos de ello&#8230; Vamos a ver: utilizar lo que tenemos que utilizar, pero intentando siempre vivir en ese desprendimiento y con cuidado de no acumular. Pedirle a Dios el pan nuestro de cada d\u00eda, que es lo que nos ense\u00f1\u00f3 Jes\u00fas, no el de ma\u00f1ana, ni el de pasado ma\u00f1ana&#8230;<\/p>\n<p style=\"text-align:justify;\">\u00bfQu\u00e9 pasa? Que es dif\u00edcil, porque a veces la gente te pregunta&#8230; \u00bfQu\u00e9 hac\u00e9is? \u00bfA qu\u00e9 os dedic\u00e1is? \u00bfCu\u00e1l es vuestro carisma? Y a continuaci\u00f3n \u00bfde qu\u00e9 viv\u00eds? Pues a m\u00ed a veces me ganas de contestar: \u00abde la fe en el Hijo de Dios, que me am\u00f3 hasta entregarse por m\u00ed\u00bb de eso vivo&#8230; el resto&#8230; si t\u00fa buscas el reino de Dios, nos va a venir dado por a\u00f1adidura.<\/p>\n<p style=\"text-align:justify;\"><img loading=\"lazy\" decoding=\"async\" class=\"  wp-image-12335 alignleft\" src=\"https:\/\/madreolgamaria.files.wordpress.com\/2018\/04\/img-20180422-wa0028.jpeg\" alt=\"IMG-20180422-WA0028.jpeg\" width=\"197\" height=\"353\" \/>Y si que os puedo decir, y esto lo hablo desde la experiencia vivida de haber atravesado graves dificultades materiales,hasta el punto de sufrir un embargo y verme en la calle con treinta monjas a mi cargo y decir y \u00bfahora&#8230; a donde vamos?<\/p>\n<p style=\"text-align:justify;\">Pero si t\u00fa te f\u00edas de \u00c9l nunca te va a faltar. Santa Teresa de Jes\u00fas, nuestra Madre, dice: \u00absi son las que deben no tengan miedo de que les falte\u00bb y efectivamente confirmo que, ni el Se\u00f1or ha mentido, ni santa Teresa tampoco.<\/p>\n<p style=\"text-align:justify;\">Nunca nos ha faltado lo que necesitamos, otra cosa es que venga dado de una manera que no esperas y que te cueste el desarraigo afectivo\u2026 Yo puedo decir que una de las cosas m\u00e1s dif\u00edciles de mi vida fue salir de Valladolid, y de nuestro convento de Valladolid, que fue nuestra casa madre, donde empezamos.<\/p>\n<p style=\"text-align:justify;\">Para m\u00ed aquello fue un desarraigo tremendo y sufr\u00ed mucho, pero sufr\u00ed porque afectivamente, yo que cre\u00eda que lo ten\u00eda todo controlado, estaba muy ligada a un lugar, a unas personas, a unas circunstancias&#8230; Yo siempre he dicho que el convento de Valladolid fue como mi Isaac: \u00abvete al monte Moria y ofr\u00e9ceme en sacrificio \u00abeso\u00bb&#8230; y yo le dec\u00eda al Se\u00f1or: \u00a1mande! Esto ser\u00e1 broma \u00bfno?<\/p>\n<p style=\"text-align:justify;\">Porque llegamos a Valladolid, supuestamente, porque se nos hab\u00eda llamado a eso&#8230; Era el hijo de la promesa&#8230; de alguna manera y Dios fue tan bueno que me quit\u00f3 \u00abaquello\u00bb \u00bfno? todo lo que pueda ser un obst\u00e1culo entre \u00c9l y nosotros me lo quita.<\/p>\n<p style=\"text-align:justify;\">Yo no fui tan generosa como Abraham: no cog\u00ed a Isaac y le llev\u00e9 a sacrificarlo. Me resist\u00ed todo lo que pude, luch\u00e9 todo lo humanamente posible, para que no nos arrebataran aquello porque me parec\u00eda que Dios lo quer\u00eda \u00bfno? Y Dios me dijo: \u00a1que no te enteras! \u00a1fuera!<\/p>\n<p style=\"text-align:justify;\">Y esto sigue adelante, de esto han pasado ya casi tres a\u00f1os&#8230; luego no era necesario ni esto, ni esto, ni esto&#8230; \u00a1no! lo \u00fanico necesario es Jes\u00fas y mis hermanas. Esa es mi casa, ese es mi hogar. Ning\u00fan lugar, ning\u00fan bien material, nada en realidad, es necesario: s\u00f3lo Jes\u00fas y las que Jes\u00fas me ha dado para vivir mi vocaci\u00f3n. El resto, que yo cre\u00eda que era vital&#8230; pues no era tan vital, porque llevo tres a\u00f1os viviendo sin ello y muy feliz \u00bfeh? Y con la perspectiva del tiempo&#8230; dando gracias a Dios de que me ense\u00f1ara y me diera esa lecci\u00f3n y me quitara lo que pod\u00eda ser un estorbo entre \u00c9l y yo \u00bfno?<img loading=\"lazy\" decoding=\"async\" class=\"  wp-image-12325 alignright\" src=\"https:\/\/madreolgamaria.files.wordpress.com\/2018\/04\/img-20180420-wa0080.jpg\" alt=\"IMG-20180420-WA0080.jpg\" width=\"355\" height=\"632\" srcset=\"https:\/\/madreolgamaria.com\/wp-content\/uploads\/2018\/04\/img-20180420-wa0080.jpg 898w, https:\/\/madreolgamaria.com\/wp-content\/uploads\/2018\/04\/img-20180420-wa0080-168x300.jpg 168w, https:\/\/madreolgamaria.com\/wp-content\/uploads\/2018\/04\/img-20180420-wa0080-575x1024.jpg 575w, https:\/\/madreolgamaria.com\/wp-content\/uploads\/2018\/04\/img-20180420-wa0080-768x1368.jpg 768w, https:\/\/madreolgamaria.com\/wp-content\/uploads\/2018\/04\/img-20180420-wa0080-862x1536.jpg 862w\" sizes=\"auto, (max-width: 355px) 100vw, 355px\" \/><\/p>\n<p style=\"text-align:justify;\">El problema de la pobreza es que llega un momento en que la gran pregunta de tu vida cuando sigues a Jes\u00fas es: \u00bfte va a bastar Jes\u00fas? \u00bfvas a ser capaz de vivir como el Hijo del Hombre, sin tener d\u00f3nde reclinar la cabeza, aliment\u00e1ndote solo de la voluntad del Padre? Y claro&#8230; en teor\u00eda todos decimos que s\u00ed, pero es que luego eso&#8230; se traduce en hechos concretos del d\u00eda al d\u00eda, que cuestan mucho y que muchas veces suponen l\u00e1grimas.<\/p>\n<p style=\"text-align:justify;\">Pero s\u00ed se puede, y os puedo garantizar, esto es experiencia vivida, que ahora soy mucho m\u00e1s feliz que antes y mucho m\u00e1s libre, porque antes peleaba por poder conservar la propiedad de algo y&#8230; en el punto y hora en que ya no tenemos nada somos libres; hemos empezado a crecer, han venido m\u00e1s vocaciones, y vamos yendo al mundo entero. Con el lastre de aquello que quer\u00edamos tener, no se pod\u00eda avanzar, lo que pasa es que -en ese momento- por fragilidad, yo no me daba cuenta de que aquello en realidad era un lastre y el Se\u00f1or, que es bueno, pues nos lo va quitando \u00bfno?<\/p>\n<p style=\"text-align:justify;\">Entonces tenemos que aprender todos a confiar en el Se\u00f1or, sobre todo cuando nos quita; porque nunca nos quita por hacernos da\u00f1o, sino por hacernos bien, aunque no le entendamos. Cuantas m\u00e1s cosas os quite en la vida, aunque parezca un contrasentido y os cueste fiaros, creed que es porque m\u00e1s os est\u00e1 cuidando, est\u00e1 haciendo sitio para \u00c9l y eso es lo m\u00e1s importante al final.<\/p>\n","protected":false},"excerpt":{"rendered":"<p>&nbsp; \u00a1No teng\u00e1is miedo!, con Cristo siempre hay futuro XIII jornadas \u201cCat\u00f3licos y vida p\u00fablica\u201d, en el Pa\u00eds Vasco Palacio Euskalduna, Bilbao\u00a0\u00a020 y 21 de abril de 2018 Mesa Vocacional,\u00a0\u00a0S\u00e1bado 21 de abril de 2018 Preside: D. Jos\u00e9 Ram\u00f3n Altuna, Consiliario ADcP de Bilbao. &nbsp; Le voy a volver a preguntar a la hermana Olga, [&hellip;]<\/p>\n","protected":false},"author":2,"featured_media":12335,"comment_status":"open","ping_status":"open","sticky":false,"template":"","format":"standard","meta":{"_jetpack_memberships_contains_paid_content":false,"footnotes":""},"categories":[6],"tags":[],"class_list":{"0":"post-12338","1":"post","2":"type-post","3":"status-publish","4":"format-standard","5":"has-post-thumbnail","6":"hentry","7":"category-sin-categoria","9":"fallback-thumbnail"},"jetpack_featured_media_url":"https:\/\/madreolgamaria.com\/wp-content\/uploads\/2018\/04\/img-20180422-wa0028-scaled.jpeg","jetpack_sharing_enabled":true,"_links":{"self":[{"href":"https:\/\/madreolgamaria.com\/index.php?rest_route=\/wp\/v2\/posts\/12338","targetHints":{"allow":["GET"]}}],"collection":[{"href":"https:\/\/madreolgamaria.com\/index.php?rest_route=\/wp\/v2\/posts"}],"about":[{"href":"https:\/\/madreolgamaria.com\/index.php?rest_route=\/wp\/v2\/types\/post"}],"author":[{"embeddable":true,"href":"https:\/\/madreolgamaria.com\/index.php?rest_route=\/wp\/v2\/users\/2"}],"replies":[{"embeddable":true,"href":"https:\/\/madreolgamaria.com\/index.php?rest_route=%2Fwp%2Fv2%2Fcomments&post=12338"}],"version-history":[{"count":0,"href":"https:\/\/madreolgamaria.com\/index.php?rest_route=\/wp\/v2\/posts\/12338\/revisions"}],"wp:featuredmedia":[{"embeddable":true,"href":"https:\/\/madreolgamaria.com\/index.php?rest_route=\/wp\/v2\/media\/12335"}],"wp:attachment":[{"href":"https:\/\/madreolgamaria.com\/index.php?rest_route=%2Fwp%2Fv2%2Fmedia&parent=12338"}],"wp:term":[{"taxonomy":"category","embeddable":true,"href":"https:\/\/madreolgamaria.com\/index.php?rest_route=%2Fwp%2Fv2%2Fcategories&post=12338"},{"taxonomy":"post_tag","embeddable":true,"href":"https:\/\/madreolgamaria.com\/index.php?rest_route=%2Fwp%2Fv2%2Ftags&post=12338"}],"curies":[{"name":"wp","href":"https:\/\/api.w.org\/{rel}","templated":true}]}}