{"id":12320,"date":"2018-04-25T16:25:12","date_gmt":"2018-04-25T16:25:12","guid":{"rendered":"https:\/\/madreolgamaria.com\/?p=12320"},"modified":"2018-04-25T16:25:12","modified_gmt":"2018-04-25T16:25:12","slug":"no-tengais-miedo-con-cristo-siempre-hay-futuro-i","status":"publish","type":"post","link":"https:\/\/madreolgamaria.com\/?p=12320","title":{"rendered":"\u00a1No teng\u00e1is miedo! con Cristo siempre hay futuro (I)"},"content":{"rendered":"<p>&nbsp;<\/p>\n<p style=\"text-align:center;\"><em><strong>\u00a1No teng\u00e1is miedo!, con Cristo siempre hay futuro<\/strong><\/em><\/p>\n<p><em><strong>XIII jornadas \u201cCat\u00f3licos y vida p\u00fablica\u201d, en el pa\u00eds Vasco<\/strong><\/em><\/p>\n<p><em><strong>Palacio Euskalduna, Bilbao\u00a0\u00a0<\/strong><strong>20 y 21 de abril de 2018<\/strong><\/em><\/p>\n<p><em><strong>Mesa Vocacional,\u00a0\u00a0<\/strong><strong>S\u00e1bado 21 de abril de 2018<\/strong><\/em><\/p>\n<p><em><strong>Preside: D. Jos\u00e9 Ram\u00f3n Altuna, Consiliario ADcP de Bilbao.<\/strong><\/em><\/p>\n<p>&nbsp;<\/p>\n<p style=\"text-align:justify;\">El lema, de estas jornadas es: \u00a1No teng\u00e1is miedo!, que con Cristo siempre hay futuro; este es el lema. Pero, hay que decir, que ha habido una intuici\u00f3n que nos ha movido un poco a organizar esto estas jornadas y es el hecho del pr\u00f3ximo S\u00ednodo de los obispos, que llevar\u00e1 por t\u00edtulo, si no me equivoco: \u201clos j\u00f3venes, la fe y el discernimiento vocacional\u201d.<\/p>\n<p style=\"text-align:justify;\">Como siempre, intentamos que estas jornadas de cat\u00f3licos, est\u00e9n en sinton\u00eda un poco con lo que la Iglesia est\u00e1 buscando, y, por eso, nos parec\u00eda interesante que hubiera una mesa vocacional, en concreto, sobre las vocaciones consagradas.<\/p>\n<p style=\"text-align:justify;\">No son las \u00fanicas vocaciones, evidentemente, la vocaci\u00f3n primera es: ser cristiano y lo fundamental, pero, s\u00ed que quer\u00edamos, porque nos parece que no solo entre los j\u00f3venes sino entre los menos j\u00f3venes, a veces, hay una inquietud, sobre si habr\u00e1 vocaciones, etc\u00e9tera. Conoc\u00e9is bien esta inquietud.<\/p>\n<p style=\"text-align:justify;\">Entonces, nos ha parecido interesante, convocar a tres vizca\u00ednos que, nos presenten un poco un panorama de esta inquietud, de la Iglesia hoy, que nos van a presentar tres facetas distintas. Contamos entre nosotros, por un lado, aqu\u00ed a mi izquierda: Olga Mar\u00eda del Redentor que no solo hab\u00eda que poner en el programa priora de las Carmelitas Samaritanas sino -ahora le preguntaremos-, fundadora que ya se empieza a enfadar cuando digo esto.\u00a0<img loading=\"lazy\" decoding=\"async\" class=\"  wp-image-12324 alignleft\" src=\"https:\/\/madreolgamaria.files.wordpress.com\/2018\/04\/img-20180420-wa0073.jpeg\" alt=\"IMG-20180420-WA0073.jpeg\" width=\"400\" height=\"225\" \/><\/p>\n<p style=\"text-align:justify;\">Luego est\u00e1, Alex Andreu, que es seminarista de la di\u00f3cesis de Bilbao y, Eugenio Sim\u00f3n, que es de Barakaldo y ha sido rector -como ahora nos contar\u00e1- en cuatro continentes.<\/p>\n<p style=\"text-align:justify;\">Con lo cual, podemos ver un poco un panorama. Entonces, la presentaci\u00f3n no la voy a hacer yo, sino que, les voy a pedir a ellos que se presenten, y as\u00ed nos cuentan -le voy a preguntar que no os cuenten toda su vida, por favor- pero que nos cuenten alg\u00fan aspecto de aquello por lo que hab\u00e9is sido convocados aqu\u00ed.<\/p>\n<p style=\"text-align:justify;\"><strong>Vamos a seguir con Olga Mar\u00eda, que es nacida en Barakaldo \u00bfverdad? Aunque has vivido en Algorta y despu\u00e9s en Lejona, antes de irte&#8230; Quer\u00edamos insistir un poco en ti, en tu experiencia \u00bfC\u00f3mo hace el Se\u00f1or, para hacer de una persona, una fundadora de un nuevo Instituto? Si nos cuentas un poquito y luego cu\u00e1l es lo espec\u00edfico, un poco, de vuestro carisma&#8230; si puede ser.<\/strong><\/p>\n<p style=\"text-align:justify;\">Lo de fundadora, estoy todav\u00eda pill\u00e1ndolo&#8230; o sea, estoy intentando asumir el rol, porque no me siento nada de eso, aunque tengo que asumir que&#8230; \u00a1bueno! que el Se\u00f1or nos ha llamado y se ha servido de m\u00ed para poner en marcha algo que sin duda \u00c9l ten\u00eda en el Coraz\u00f3n desde la eternidad \u00bfno?<\/p>\n<p style=\"text-align:justify;\">Pues&#8230; \u00bfc\u00f3mo hace el Se\u00f1or? Pues como \u00c9l hace las cosas, de la manera m\u00e1s sencilla y cuando m\u00e1s a gusto est\u00e1s y menos te lo esperas. Porque yo me march\u00e9 de la casa de mis padres -este mes de junio pr\u00f3ximo- va a hacer treinta a\u00f1os que sal\u00ed de Bilbao y ayer cuando lo ve\u00eda dec\u00eda \u00a1pero qu\u00e9 distinto est\u00e1 todo! \u00bfno?<\/p>\n<p style=\"text-align:justify;\">Y me march\u00e9 a un convento de clausura, de Carmelitas Descalzas, en la provincia de Valladolid, <img loading=\"lazy\" decoding=\"async\" class=\"  wp-image-12323 alignleft\" src=\"https:\/\/madreolgamaria.files.wordpress.com\/2018\/04\/img-20180420-wa0072.jpg\" alt=\"IMG-20180420-WA0072.jpg\" width=\"437\" height=\"246\" srcset=\"https:\/\/madreolgamaria.com\/wp-content\/uploads\/2018\/04\/img-20180420-wa0072.jpg 1600w, https:\/\/madreolgamaria.com\/wp-content\/uploads\/2018\/04\/img-20180420-wa0072-300x168.jpg 300w, https:\/\/madreolgamaria.com\/wp-content\/uploads\/2018\/04\/img-20180420-wa0072-1024x575.jpg 1024w, https:\/\/madreolgamaria.com\/wp-content\/uploads\/2018\/04\/img-20180420-wa0072-768x431.jpg 768w, https:\/\/madreolgamaria.com\/wp-content\/uploads\/2018\/04\/img-20180420-wa0072-1536x862.jpg 1536w\" sizes=\"auto, (max-width: 437px) 100vw, 437px\" \/>en Medina de Rioseco; con la intenci\u00f3n, el prop\u00f3sito, la determinaci\u00f3n, pues&#8230; de una opci\u00f3n radical, que implicaba no volver nunca jam\u00e1s, en principio, a Bilbao, ni salir de la clausura de aquel convento, en aquella di\u00f3cesis concreta de Valladolid.<\/p>\n<p style=\"text-align:justify;\">Y all\u00ed viv\u00ed los trece primeros a\u00f1os de mi vida consagrada feliz, feliz, feliz; o sea, yo estaba tan a gusto, tan centrada, encantada de la vida en mi vocaci\u00f3n de carmelita descalza. Y, de repente, el Se\u00f1or irrumpi\u00f3 en mi vida pues&#8230; -como \u00c9l hace a veces \u00bfno?- y me llam\u00f3, y me llam\u00f3 con tal fuerza a algo diferente, que lo primero que experiment\u00e9 fue una gran perplejidad y decir: \u00a1no!, esto ha sido un \u00abflus\u00bb que he tenido, ya se me pasar\u00e1&#8230; Esto no, no puede ser \u00bfno?<\/p>\n<p style=\"text-align:justify;\">Pero\u00a0 cuando una cosa es de Dios&#8230; Pues, las cosas de Dios no se te pasan, por mucho que intentes distraerte, y por mucho que intentes convencerte a ti misma de que eso no puede ser, porque te has comprometido a otra cosa, t\u00fa has profesado otro g\u00e9nero de vida y aquello no tiene ni pies ni cabeza&#8230; Y encima yo dec\u00eda: y \u00bfpor d\u00f3nde empiezo, y a quien se lo digo, y como hago esto, no?<\/p>\n<p style=\"text-align:justify;\">Pero, cuando una cosa es de Dios&#8230; \u00c9l es insistente y entonces \u00c9l fue trabajando mi coraz\u00f3n y desmontando toda mi vida consagrada como yo la entend\u00eda hasta ese momento, y dici\u00e9ndome: quiero esto para ti y no vas a estar sola. Lo de: \u201cno vas a estar sola\u201d, es muy importante, porque, cuando sucedi\u00f3 esto, yo viv\u00eda en una comunidad en Castilla, en Castilla y Le\u00f3n, como estaban muchas comunidades y siguen hoy, tristemente. El Se\u00f1or sabe \u00bfno?, ah\u00ed suspendemos y confiamos en lo que \u00c9l hace, que siempre est\u00e1 bien aunque a veces no entendamos.<\/p>\n<p style=\"text-align:justify;\">Yo viv\u00eda en un convento donde las hermanas iban haci\u00e9ndose mayores, yo segu\u00eda siendo la m\u00e1s joven y aquello no ten\u00eda futuro desde el punto de vista humano, y yo, le dec\u00eda al Se\u00f1or -era mi argumento n\u00famero uno- pero: \u00bfQu\u00e9 voy a hacer yo sola, si estas hermanas est\u00e1n mayores, y se van a morir de un \u00abchungo\u00bb, si yo les cuento tu planazo? O sea, que no les podemos cambiar ahora el chip y nos las cargamos a todas, no\u2026?? Y el Se\u00f1or\u2026 yo sent\u00eda dentro de mi de mi coraz\u00f3n que\u00a0 el Coraz\u00f3n de Jes\u00fas, que es quien me ha guiado en todo esto, me ha dicho: \u00a1t\u00fa conf\u00eda!<\/p>\n<p style=\"text-align:justify;\">\u00a0<img loading=\"lazy\" decoding=\"async\" class=\"alignnone size-full wp-image-12321\" src=\"https:\/\/madreolgamaria.files.wordpress.com\/2018\/04\/img-20180420-wa0067.jpg\" alt=\"IMG-20180420-WA0067.jpg\" width=\"1600\" height=\"898\" srcset=\"https:\/\/madreolgamaria.com\/wp-content\/uploads\/2018\/04\/img-20180420-wa0067.jpg 1600w, https:\/\/madreolgamaria.com\/wp-content\/uploads\/2018\/04\/img-20180420-wa0067-300x168.jpg 300w, https:\/\/madreolgamaria.com\/wp-content\/uploads\/2018\/04\/img-20180420-wa0067-1024x575.jpg 1024w, https:\/\/madreolgamaria.com\/wp-content\/uploads\/2018\/04\/img-20180420-wa0067-768x431.jpg 768w, https:\/\/madreolgamaria.com\/wp-content\/uploads\/2018\/04\/img-20180420-wa0067-1536x862.jpg 1536w\" sizes=\"auto, (max-width: 1600px) 100vw, 1600px\" \/><\/p>\n<p style=\"text-align:justify;\">Y luego la Virgen, es que era\u2026 \u00ab\u00a1haz lo que \u00c9l te diga!\u00bb, como en Can\u00e1: haced lo que \u00c9l os diga. Y yo le dec\u00eda a la Virgen: \u00a1pero, es que&#8230; lo que \u00c9l dice tiene tela!, o sea, \u00bfqu\u00e9 tiene que ver, llenar las tinajas de agua, que dijo en Can\u00e1, con lo que est\u00e1 diciendo que hagamos? Esto es\u2026<\/p>\n<p style=\"text-align:justify;\">Y lo que \u00c9l me mostr\u00f3, es que el Carmelo que yo amo con todo mi coraz\u00f3n y he amado siempre, es un vino precioso, que a veces se echa a perder en odres envejecidos \u00bfno? Entonces, \u00c9l, lo que me mostr\u00f3 es que iba a hacer brotar una ramita nueva, verde, peque\u00f1ita, del precioso y fuerte tronco del Carmelo, y que, en esa ramita, \u00edbamos a hacer un odre nuevo para ir guardando un vino nuevo.<\/p>\n<p style=\"text-align:justify;\">Y que este Carmelo nuevo, iba a ser un Carmelo seg\u00fan el Coraz\u00f3n de Jesucristo, seg\u00fan lo que \u00c9l tiene en el Coraz\u00f3n, seg\u00fan lo que \u00c9l ha so\u00f1ado \u00bfno?; para un grupo de mujeres, que somos nosotras: las Carmelitas Samaritanas, a las que nos grita cada vez con m\u00e1s fuerza: \u00a1tengo sed, mujer, estoy cansado, estoy aqu\u00ed sentado junto al pozo, dame t\u00fa de beber! \u00bfno?<\/p>\n<p style=\"text-align:justify;\">Por eso, somos Carmelitas Samaritanas del Coraz\u00f3n de Jes\u00fas; entonces, nuestra vocaci\u00f3n principal consiste en encontrarnos con el Sediento y darle de beber.<\/p>\n<p style=\"text-align:justify;\">Y a Jes\u00fas sediento se le encuentra de dos maneras, en dos vertientes: por un lado con el trato \u00edntimo con el Se\u00f1or, sobre todo, en la Adoraci\u00f3n Eucar\u00edstica, la oraci\u00f3n mental, todo el camino y el itinerario de oraci\u00f3n que hemos aprendido y seguimos aprendiendo de santa Teresa de Jes\u00fas, que es nuestra Madre, esa gran maestra de oraci\u00f3n para la Iglesia universal y entonces le damos a Jes\u00fas de beber, porque Jes\u00fas est\u00e1 sediento de nosotros, de nuestra vida y de nuestra intimidad.<\/p>\n<p style=\"text-align:justify;\">Hay una manera muy concreta de vivir nuestra vocaci\u00f3n, que es la de la esponsalidad con Jes\u00fas \u00bfno?, o sea, para nosotras Jes\u00fas es: Camino, Verdad, Vida, Maestro, Redentor, Salvador&#8230; y Esposo; el Amor de nuestra vida; nuestra vocaci\u00f3n es, ante todo, un enamoramiento de Jesucristo, esa es una vertiente.<img loading=\"lazy\" decoding=\"async\" class=\"  wp-image-12322 alignleft\" src=\"https:\/\/madreolgamaria.files.wordpress.com\/2018\/04\/img-20180420-wa0068.jpg\" alt=\"IMG-20180420-WA0068.jpg\" width=\"448\" height=\"251\" srcset=\"https:\/\/madreolgamaria.com\/wp-content\/uploads\/2018\/04\/img-20180420-wa0068.jpg 1600w, https:\/\/madreolgamaria.com\/wp-content\/uploads\/2018\/04\/img-20180420-wa0068-300x168.jpg 300w, https:\/\/madreolgamaria.com\/wp-content\/uploads\/2018\/04\/img-20180420-wa0068-1024x575.jpg 1024w, https:\/\/madreolgamaria.com\/wp-content\/uploads\/2018\/04\/img-20180420-wa0068-768x431.jpg 768w, https:\/\/madreolgamaria.com\/wp-content\/uploads\/2018\/04\/img-20180420-wa0068-1536x862.jpg 1536w\" sizes=\"auto, (max-width: 448px) 100vw, 448px\" \/><\/p>\n<p style=\"text-align:justify;\">Y, la otra de darle de beber es, darle de beber en todos los que se nos acercan, que son multitudes, \u00a1muertos de sed!, te encuentras cantidad de personas, con una sed de amor, una sed de eternidad, una sed de sentido para la vida y te preguntan \u00bfno? y en esas preguntas lo que ves es sed. Intentamos poco a poco, sin que se atraganten, porque hay que ir poco a poco, ir saciando esa sed \u00bfno?<\/p>\n<p style=\"text-align:justify;\">Entonces&#8230; ese deseo que Jes\u00fas fue poniendo en el coraz\u00f3n, hace ya diecisiete a\u00f1os casi, ha ido creciendo, desarroll\u00e1ndose&#8230; -lo que es un brote- ha ido fortaleci\u00e9ndose y ahora mismo somos ya treinta y tres hermanas, estamos en Espa\u00f1a, en dos lugares todav\u00eda, pero esperamos seguir creciendo y extendiendo este carisma y saciando sed en distintas personas.<\/p>\n<p style=\"text-align:justify;\">De momento estamos en Valladolid, que es donde estamos can\u00f3nicamente erigidas, y de quien dependemos ahora mismo -del arzobispo de Valladolid- y nuestra primera salida de Valladolid, fue a Asturias, y en esa Iglesia diocesana estamos ahora arraigadas, en un lugar muy hermoso, que se llama Valdedi\u00f3s, que est\u00e1 a ocho kil\u00f3metros de Villaviciosa, y ah\u00ed, hay catorce hermanas.<\/p>\n<p style=\"text-align:justify;\">La mayor\u00eda de las que est\u00e1n en per\u00edodo de formaci\u00f3n: postulantes y novicias de primer a\u00f1o, est\u00e1n en Viana de Cega, en Valladolid, y las otras, estamos en Valdedi\u00f3s. Y, bueno&#8230; pues, eso es lo que puedo contar, y si alguien me quiere preguntar despu\u00e9s, pues, ya os detallo, porque me puedo enrollar hasta la noche, y\u2026<\/p>\n<p style=\"text-align:justify;\">\n<p>&nbsp;<\/p>\n","protected":false},"excerpt":{"rendered":"<p>&nbsp; \u00a1No teng\u00e1is miedo!, con Cristo siempre hay futuro XIII jornadas \u201cCat\u00f3licos y vida p\u00fablica\u201d, en el pa\u00eds Vasco Palacio Euskalduna, Bilbao\u00a0\u00a020 y 21 de abril de 2018 Mesa Vocacional,\u00a0\u00a0S\u00e1bado 21 de abril de 2018 Preside: D. Jos\u00e9 Ram\u00f3n Altuna, Consiliario ADcP de Bilbao. &nbsp; El lema, de estas jornadas es: \u00a1No teng\u00e1is miedo!, que [&hellip;]<\/p>\n","protected":false},"author":2,"featured_media":12323,"comment_status":"open","ping_status":"open","sticky":false,"template":"","format":"standard","meta":{"_jetpack_memberships_contains_paid_content":false,"footnotes":""},"categories":[6],"tags":[],"class_list":{"0":"post-12320","1":"post","2":"type-post","3":"status-publish","4":"format-standard","5":"has-post-thumbnail","6":"hentry","7":"category-sin-categoria","9":"fallback-thumbnail"},"jetpack_featured_media_url":"https:\/\/madreolgamaria.com\/wp-content\/uploads\/2018\/04\/img-20180420-wa0072.jpg","jetpack_sharing_enabled":true,"_links":{"self":[{"href":"https:\/\/madreolgamaria.com\/index.php?rest_route=\/wp\/v2\/posts\/12320","targetHints":{"allow":["GET"]}}],"collection":[{"href":"https:\/\/madreolgamaria.com\/index.php?rest_route=\/wp\/v2\/posts"}],"about":[{"href":"https:\/\/madreolgamaria.com\/index.php?rest_route=\/wp\/v2\/types\/post"}],"author":[{"embeddable":true,"href":"https:\/\/madreolgamaria.com\/index.php?rest_route=\/wp\/v2\/users\/2"}],"replies":[{"embeddable":true,"href":"https:\/\/madreolgamaria.com\/index.php?rest_route=%2Fwp%2Fv2%2Fcomments&post=12320"}],"version-history":[{"count":0,"href":"https:\/\/madreolgamaria.com\/index.php?rest_route=\/wp\/v2\/posts\/12320\/revisions"}],"wp:featuredmedia":[{"embeddable":true,"href":"https:\/\/madreolgamaria.com\/index.php?rest_route=\/wp\/v2\/media\/12323"}],"wp:attachment":[{"href":"https:\/\/madreolgamaria.com\/index.php?rest_route=%2Fwp%2Fv2%2Fmedia&parent=12320"}],"wp:term":[{"taxonomy":"category","embeddable":true,"href":"https:\/\/madreolgamaria.com\/index.php?rest_route=%2Fwp%2Fv2%2Fcategories&post=12320"},{"taxonomy":"post_tag","embeddable":true,"href":"https:\/\/madreolgamaria.com\/index.php?rest_route=%2Fwp%2Fv2%2Ftags&post=12320"}],"curies":[{"name":"wp","href":"https:\/\/api.w.org\/{rel}","templated":true}]}}