{"id":12308,"date":"2018-04-27T08:31:20","date_gmt":"2018-04-27T08:31:20","guid":{"rendered":"https:\/\/madreolgamaria.com\/?p=12308"},"modified":"2018-04-27T08:31:20","modified_gmt":"2018-04-27T08:31:20","slug":"ya-no-nos-queda-humanidad","status":"publish","type":"post","link":"https:\/\/madreolgamaria.com\/?p=12308","title":{"rendered":"Ya no nos queda humanidad"},"content":{"rendered":"<p style=\"text-align:justify;\">Escribo estas l\u00edneas en un momento en que a\u00fan no se sabe qu\u00e9 va a suceder con el peque\u00f1o Alfie Evans\u2026 Sea lo que sea, necesito clamar ante Dios y ante el mundo mi dolor y mi tristeza ante algo que me lleva a cuestionarme muchas cosas. \u00bfD\u00f3nde est\u00e1 la humanidad? \u00bfNos queda algo, una brizna siquiera? \u00bfNos atreveremos a seguir hablando de dignidad y de derechos humanos ante semejante injusticia? \u00bfC\u00f3mo vamos a mirar a la cara a unos j\u00f3venes padres que luchan hasta el final por su hijito contra un sistema desalmado, irracional e injusto? \u00bfNo hay manera de detener esto?<\/p>\n<p style=\"text-align:justify;\">\u00bfSeguiremos rasg\u00e1ndonos las vestiduras ante el genocidio de Hitler y ante el terrorismo despu\u00e9s de este linchamiento programado y despiadado de un beb\u00e9 de veintitr\u00e9s meses decretado por un juez inicuo de un pa\u00eds de los considerados del primer mundo? \u00a1Esto s\u00ed que es un holocausto!<img loading=\"lazy\" decoding=\"async\" class=\" size-full wp-image-12309 alignright\" src=\"https:\/\/madreolgamaria.files.wordpress.com\/2018\/04\/descarga.jpg\" alt=\"descarga\" width=\"300\" height=\"168\" \/><\/p>\n<p style=\"text-align:justify;\">La sentencia dictada por el juez ya se ha cumplido: ya han desconectado a Alfie. Pero yo pregunto: \u00bfla sentencia era simplemente la desconexi\u00f3n del soporte vital o era una condena a muerte sin opci\u00f3n a salvarse? \u00bfPor qu\u00e9 han decido que tiene que morir, s\u00ed o s\u00ed, un ser inocente que ni siquiera ha sido correctamente diagnosticado? \u00bfPor qu\u00e9 -una vez desconectado del soporte vital- se ha negado a los padres de Alfie el derecho b\u00e1sico de cualquier padre de llevarse a su hijo a casa o a donde estime oportuno para recibir un tratamiento m\u00e9dico? \u00bfPor qu\u00e9 se niegan a alimentarle? \u00bfC\u00f3mo son capaces de dejarle morir de hambre y de sed en Europa, en el siglo XXI y en un centro hospitalario? \u00bfCu\u00e1l es el grave crimen cometido para ser tratados as\u00ed?<\/p>\n<p style=\"text-align:justify;\">Al escribir estas l\u00edneas l\u00e1grimas de impotencia y de un dolor agudo llegan a mis ojos\u2026 \u00a1No puede ser! \u00a1\u00a1No!! \u00a1No es posible que el ser humano vuelva a caer tan bajo y a sacar de nuevo lo peor de la condici\u00f3n humana! \u00a1No es posible que volvamos a hacer historia de esta manera tr\u00e1gica y vergonzosa! \u00bfNo hay nadie en el mundo capaz de parar esta espiral de sinsentido y de crueldad? No puedo creer que la burocracia y la \u201cley\u201d sean m\u00e1s fuertes que la s\u00faplica de unos padres, que la oferta generosa del gobierno italiano para salvar la vida de un beb\u00e9, que el derecho a la vida\u2026<\/p>\n<p style=\"text-align:justify;\">No puedo ni quiero creer que la vida de Alfie sea para las autoridades simplemente un papel y una sentencia.<img loading=\"lazy\" decoding=\"async\" class=\" size-full wp-image-12310 alignleft\" src=\"https:\/\/madreolgamaria.files.wordpress.com\/2018\/04\/descarga-1.jpg\" alt=\"descarga (1)\" width=\"277\" height=\"182\" \/> No es posible \u00a1Dios m\u00edo! que se sentencie a morir de inanici\u00f3n -y sin cuidados paliativos siquiera- a un beb\u00e9, por el s\u00f3lo \u201ccrimen\u201d de haber nacido con una enfermedad neurovegetativa que ni siquiera se han dignado diagnosticar correctamente. \u00bfEs posible que la soberbia llegue a tal punto que impida reconocer a las autoridades que se han equivocado de medio a medio con Alfie?<\/p>\n<p style=\"text-align:justify;\">Que Dios nos perdone este tremendo pecado del que -de alguna manera- todos somos c\u00f3mplices, y ruego intensamente por esta humanidad desnortada que ha ca\u00eddo en las garras de la burocracia, del utilitarismo y los intereses creados y que ha perdido los m\u00ednimos de sensibilidad y moralidad. Me niego a avergonzarme de la humanidad a la que pertenezco, pero me duele profundamente y no puedo callar este dolor y no puedo dejar de decir que, aunque no me averg\u00fcenzo, me siento hondamente decepcionada.<\/p>\n<p>&nbsp;<\/p>\n<p>&nbsp;<\/p>\n","protected":false},"excerpt":{"rendered":"<p>Escribo estas l\u00edneas en un momento en que a\u00fan no se sabe qu\u00e9 va a suceder con el peque\u00f1o Alfie Evans\u2026 Sea lo que sea, necesito clamar ante Dios y ante el mundo mi dolor y mi tristeza ante algo que me lleva a cuestionarme muchas cosas. \u00bfD\u00f3nde est\u00e1 la humanidad? \u00bfNos queda algo, una [&hellip;]<\/p>\n","protected":false},"author":2,"featured_media":12309,"comment_status":"open","ping_status":"open","sticky":false,"template":"","format":"standard","meta":{"_jetpack_memberships_contains_paid_content":false,"footnotes":""},"categories":[6],"tags":[],"class_list":{"0":"post-12308","1":"post","2":"type-post","3":"status-publish","4":"format-standard","5":"has-post-thumbnail","6":"hentry","7":"category-sin-categoria","9":"fallback-thumbnail"},"jetpack_featured_media_url":"https:\/\/madreolgamaria.com\/wp-content\/uploads\/2018\/04\/descarga.jpg","jetpack_sharing_enabled":true,"_links":{"self":[{"href":"https:\/\/madreolgamaria.com\/index.php?rest_route=\/wp\/v2\/posts\/12308","targetHints":{"allow":["GET"]}}],"collection":[{"href":"https:\/\/madreolgamaria.com\/index.php?rest_route=\/wp\/v2\/posts"}],"about":[{"href":"https:\/\/madreolgamaria.com\/index.php?rest_route=\/wp\/v2\/types\/post"}],"author":[{"embeddable":true,"href":"https:\/\/madreolgamaria.com\/index.php?rest_route=\/wp\/v2\/users\/2"}],"replies":[{"embeddable":true,"href":"https:\/\/madreolgamaria.com\/index.php?rest_route=%2Fwp%2Fv2%2Fcomments&post=12308"}],"version-history":[{"count":0,"href":"https:\/\/madreolgamaria.com\/index.php?rest_route=\/wp\/v2\/posts\/12308\/revisions"}],"wp:featuredmedia":[{"embeddable":true,"href":"https:\/\/madreolgamaria.com\/index.php?rest_route=\/wp\/v2\/media\/12309"}],"wp:attachment":[{"href":"https:\/\/madreolgamaria.com\/index.php?rest_route=%2Fwp%2Fv2%2Fmedia&parent=12308"}],"wp:term":[{"taxonomy":"category","embeddable":true,"href":"https:\/\/madreolgamaria.com\/index.php?rest_route=%2Fwp%2Fv2%2Fcategories&post=12308"},{"taxonomy":"post_tag","embeddable":true,"href":"https:\/\/madreolgamaria.com\/index.php?rest_route=%2Fwp%2Fv2%2Ftags&post=12308"}],"curies":[{"name":"wp","href":"https:\/\/api.w.org\/{rel}","templated":true}]}}