{"id":12057,"date":"2017-12-29T12:33:29","date_gmt":"2017-12-29T12:33:29","guid":{"rendered":"https:\/\/madreolgamaria.com\/?p=12057"},"modified":"2017-12-29T12:33:29","modified_gmt":"2017-12-29T12:33:29","slug":"el-valor-de-una-madre","status":"publish","type":"post","link":"https:\/\/madreolgamaria.com\/?p=12057","title":{"rendered":"El valor de una madre"},"content":{"rendered":"<p style=\"text-align:justify;\">Hoy es el d\u00eda de los Inocentes y es el d\u00eda en que las Asociaciones Pro-vida se manifiestan de manera m\u00e1s activa y doy gracias a Dios por el gran trabajo que esas asociaciones y fundaciones realizan, sobre todo en lo tocante a la concienciaci\u00f3n de esa realidad terrible que es el aborto y tambi\u00e9n record\u00e1ndonos lo dura y dif\u00edcil que es la vida para algunos ni\u00f1os peque\u00f1os.<img loading=\"lazy\" decoding=\"async\" class=\" size-full wp-image-12028 alignright\" src=\"https:\/\/madreolgamaria.files.wordpress.com\/2017\/12\/1231143-bigthumbnail.jpg\" alt=\"1231143-bigthumbnail\" width=\"450\" height=\"253\" srcset=\"https:\/\/madreolgamaria.com\/wp-content\/uploads\/2017\/12\/1231143-bigthumbnail.jpg 450w, https:\/\/madreolgamaria.com\/wp-content\/uploads\/2017\/12\/1231143-bigthumbnail-300x169.jpg 300w\" sizes=\"auto, (max-width: 450px) 100vw, 450px\" \/><\/p>\n<p style=\"text-align:justify;\">Por eso hoy os invito a agradecer. Estamos en Navidad y todos deber\u00edamos agradecer el estar en este mundo, el don de la vida\u2026 Personalmente quiero aprovechar estas l\u00edneas para agradecer a Dios el regalo de mis padres, y especialmente de mi madre.<\/p>\n<p style=\"text-align:justify;\">Es bueno que reflexionemos un poco sobre ese don precioso que es la maternidad. Cierto que algunas veces hay mucho sufrimiento detr\u00e1s de algo tan hermoso, pero, ante todo y por encima de todo, hemos de verlo como lo que es en realidad: una bendici\u00f3n y un regalo.<\/p>\n<p style=\"text-align:justify;\">De todas las capacidades con que Dios ha dotado a la mujer, sin duda la maternidad es la m\u00e1s hermosa y la que m\u00e1s la embellece y realiza, porque la impulsa a desarrollar todas sus potencias y capacidades y -sobre todo- a dar y a darse a s\u00ed misma.<\/p>\n<p><img loading=\"lazy\" decoding=\"async\" class=\" size-full wp-image-11984 alignleft\" style=\"text-align:justify;\" src=\"https:\/\/madreolgamaria.files.wordpress.com\/2017\/11\/download.jpg\" alt=\"download\" width=\"275\" height=\"183\" \/><\/p>\n<p style=\"text-align:justify;\">Madre no es\u00a0simplemente aquella que engendra y da a luz, sino la que cuida, educa, protege\u2026 la maternidad es algo mucho m\u00e1s grande que el simple hecho de transmitir la vida biol\u00f3gica. Madre es la mujer que consagra y entrega su vida a la criatura que se le ha confiado, volcando en ella lo m\u00e1s grande de s\u00ed misma para hacer de ese peque\u00f1ito una persona. Cada ser humano que nace es una p\u00e1gina en blanco en la que todo est\u00e1 por escribirse\u2026 y hasta que sea capaz de ir tomando las riendas de su vida, ser\u00e1 lo que sus educadores, y de manera especial sus padres, y m\u00e1s a\u00fan su madre, le ense\u00f1en a ser. Y cuando llegue a la edad adulta y haga uso de su libertad, siempre arrastrar\u00e1 -para bien o para mal- lo que haya recibido en sus primeros a\u00f1os y tambi\u00e9n en el seno materno. \u00a1Qu\u00e9 gran responsabilidad!<\/p>\n<p><img loading=\"lazy\" decoding=\"async\" class=\"  wp-image-12040 alignright\" style=\"text-align:justify;\" src=\"https:\/\/madreolgamaria.files.wordpress.com\/2017\/12\/img-20171215-wa0029.jpg\" alt=\"IMG-20171215-WA0029.jpg\" width=\"359\" height=\"638\" srcset=\"https:\/\/madreolgamaria.com\/wp-content\/uploads\/2017\/12\/img-20171215-wa0029.jpg 899w, https:\/\/madreolgamaria.com\/wp-content\/uploads\/2017\/12\/img-20171215-wa0029-169x300.jpg 169w, https:\/\/madreolgamaria.com\/wp-content\/uploads\/2017\/12\/img-20171215-wa0029-576x1024.jpg 576w, https:\/\/madreolgamaria.com\/wp-content\/uploads\/2017\/12\/img-20171215-wa0029-768x1366.jpg 768w, https:\/\/madreolgamaria.com\/wp-content\/uploads\/2017\/12\/img-20171215-wa0029-864x1536.jpg 864w\" sizes=\"auto, (max-width: 359px) 100vw, 359px\" \/><\/p>\n<p>&nbsp;<\/p>\n<p style=\"text-align:justify;\">Quiero aprovechar estas l\u00edneas para reconocer y agradecer el trabajo y el cari\u00f1o, la lucha y la entrega silenciosa, oculta y an\u00f3nima de tantas madres que, sin darse a conocer, d\u00eda a d\u00eda y en silencio, van transformando la faz de la tierra conforme van educando a sus hijos. Es cierto que cada ser humano es libre y es responsable de sus actos, pero es igualmente cierto que ese ser humano usar\u00e1 su libertad conforme le hayan educado. Tenemos que ense\u00f1ar a nuestros ni\u00f1os y j\u00f3venes a usar de su libertad y a usarla para el bien. Y educarles en eso es responsabilidad nuestra, de los adultos que les rodeamos, pero especialmente de su madre.<\/p>\n<p style=\"text-align:justify;\">Los ni\u00f1os aprenden por imitaci\u00f3n, observando\u2026 Si ven en su entorno m\u00e1s inmediato, amor, entrega, responsabilidad, orden, laboriosidad, olvido propio\u2026 aprender\u00e1n e influir\u00e1 positivamente en el uso que hagan posteriormente de su libertad. Y s\u00f3lo sabr\u00e1n amar y dar amor y bondad si lo han recibido desde muy peque\u00f1itos: no podemos dar lo que no tenemos por no haberlo recibido. Por eso yo hoy agradezco a Dios por todas esas madres an\u00f3nimas, pero extraordinarias y fuera de serie, que van transformando el rostro del mundo amando a sus hijos y ense\u00f1\u00e1ndoles a amar, d\u00e1ndoles el ejemplo de lo que es la entrega propia y la bondad y lanzando al mundo personas que lo van transformando en todo eso positivo que han recibido y aprendido principalmente de sus madres.<\/p>\n","protected":false},"excerpt":{"rendered":"<p>Hoy es el d\u00eda de los Inocentes y es el d\u00eda en que las Asociaciones Pro-vida se manifiestan de manera m\u00e1s activa y doy gracias a Dios por el gran trabajo que esas asociaciones y fundaciones realizan, sobre todo en lo tocante a la concienciaci\u00f3n de esa realidad terrible que es el aborto y tambi\u00e9n [&hellip;]<\/p>\n","protected":false},"author":2,"featured_media":12040,"comment_status":"open","ping_status":"open","sticky":false,"template":"","format":"standard","meta":{"_jetpack_memberships_contains_paid_content":false,"footnotes":""},"categories":[6],"tags":[],"class_list":{"0":"post-12057","1":"post","2":"type-post","3":"status-publish","4":"format-standard","5":"has-post-thumbnail","6":"hentry","7":"category-sin-categoria","9":"fallback-thumbnail"},"jetpack_featured_media_url":"https:\/\/madreolgamaria.com\/wp-content\/uploads\/2017\/12\/img-20171215-wa0029.jpg","jetpack_sharing_enabled":true,"_links":{"self":[{"href":"https:\/\/madreolgamaria.com\/index.php?rest_route=\/wp\/v2\/posts\/12057","targetHints":{"allow":["GET"]}}],"collection":[{"href":"https:\/\/madreolgamaria.com\/index.php?rest_route=\/wp\/v2\/posts"}],"about":[{"href":"https:\/\/madreolgamaria.com\/index.php?rest_route=\/wp\/v2\/types\/post"}],"author":[{"embeddable":true,"href":"https:\/\/madreolgamaria.com\/index.php?rest_route=\/wp\/v2\/users\/2"}],"replies":[{"embeddable":true,"href":"https:\/\/madreolgamaria.com\/index.php?rest_route=%2Fwp%2Fv2%2Fcomments&post=12057"}],"version-history":[{"count":0,"href":"https:\/\/madreolgamaria.com\/index.php?rest_route=\/wp\/v2\/posts\/12057\/revisions"}],"wp:featuredmedia":[{"embeddable":true,"href":"https:\/\/madreolgamaria.com\/index.php?rest_route=\/wp\/v2\/media\/12040"}],"wp:attachment":[{"href":"https:\/\/madreolgamaria.com\/index.php?rest_route=%2Fwp%2Fv2%2Fmedia&parent=12057"}],"wp:term":[{"taxonomy":"category","embeddable":true,"href":"https:\/\/madreolgamaria.com\/index.php?rest_route=%2Fwp%2Fv2%2Fcategories&post=12057"},{"taxonomy":"post_tag","embeddable":true,"href":"https:\/\/madreolgamaria.com\/index.php?rest_route=%2Fwp%2Fv2%2Ftags&post=12057"}],"curies":[{"name":"wp","href":"https:\/\/api.w.org\/{rel}","templated":true}]}}