{"id":12036,"date":"2017-12-08T18:14:57","date_gmt":"2017-12-08T18:14:57","guid":{"rendered":"https:\/\/madreolgamaria.com\/?p=12036"},"modified":"2017-12-08T18:14:57","modified_gmt":"2017-12-08T18:14:57","slug":"deshumanizacion-galopante","status":"publish","type":"post","link":"https:\/\/madreolgamaria.com\/?p=12036","title":{"rendered":"Deshumanizaci\u00f3n galopante"},"content":{"rendered":"<p style=\"text-align:justify;\">Los seres humanos somos de una manera que no dejo de sorprenderme: unas veces para bien, pero otras para mal. Os voy a contar algo que me ha preocupado y tambi\u00e9n asustado, porque me ha resultado alarmante: hace unos d\u00edas, en una ciudad espa\u00f1ola, bastante populosa, sucedi\u00f3 que -a mediod\u00eda- por una calle c\u00e9ntrica y muy transitada, una se\u00f1ora se tropez\u00f3 y cay\u00f3 al suelo. No fue una ca\u00edda muy aparatosa, pero se qued\u00f3 en el suelo y no se pod\u00eda levantar.<img loading=\"lazy\" decoding=\"async\" class=\"  wp-image-12018 alignright\" src=\"https:\/\/madreolgamaria.files.wordpress.com\/2017\/12\/002-quiet_night_by_vladstudio.jpg\" alt=\"002 Quiet_Night_by_vladstudio\" width=\"423\" height=\"317\" srcset=\"https:\/\/madreolgamaria.com\/wp-content\/uploads\/2017\/12\/002-quiet_night_by_vladstudio.jpg 1600w, https:\/\/madreolgamaria.com\/wp-content\/uploads\/2017\/12\/002-quiet_night_by_vladstudio-300x225.jpg 300w, https:\/\/madreolgamaria.com\/wp-content\/uploads\/2017\/12\/002-quiet_night_by_vladstudio-1024x768.jpg 1024w, https:\/\/madreolgamaria.com\/wp-content\/uploads\/2017\/12\/002-quiet_night_by_vladstudio-768x576.jpg 768w, https:\/\/madreolgamaria.com\/wp-content\/uploads\/2017\/12\/002-quiet_night_by_vladstudio-1536x1152.jpg 1536w\" sizes=\"auto, (max-width: 423px) 100vw, 423px\" \/><\/p>\n<p style=\"text-align:justify;\">Lo tremendo del asunto no fue la ca\u00edda que, gracias a Dios no fue grave, sino que los viandantes pasaban a su lado sin que nadie se inmutara, ni se inclinara a echarle una mano para levantarse o para ayudarla. Durante un espacio de tiempo no muy largo -uno o dos minutos- pero s\u00ed muy triste, nadie hizo nada, sino pasar de largo, cuando ante una situaci\u00f3n as\u00ed se espera una reacci\u00f3n inmediata, casi autom\u00e1tica \u00bfno?<\/p>\n<p style=\"text-align:justify;\">Me impresiona esa insensibilidad, ese pasar de largo ante una necesidad y m\u00e1s si es urgente. No vale decir que los viandantes llevaban prisa, o que la se\u00f1ora pesaba mucho y no pod\u00edan ayudarla a ponerse en pie\u2026 eso no me sirve como alegaci\u00f3n, porque cualquiera puede detenerse e inclinarse ante esa persona que est\u00e1 en el suelo y -si realmente no puedes ayudarla- al menos mostrar un m\u00ednimo de humanidad y no ignorarla, preocuparte e interesarte por si se ha hecho da\u00f1o, ir a buscar ayuda\u2026<\/p>\n<p style=\"text-align:justify;\">Ese pasar de largo ignor\u00e1ndola y sin inmutarse me parece tremendo, me resulta trist\u00edsimo y me duele en el alma. Es el s\u00edntoma de una deshumanizaci\u00f3n pavorosa\u2026 \u00bfhacia d\u00f3nde caminamos? \u00bfhasta d\u00f3nde seremos capaces de llegar? \u00bfQu\u00e9 podemos esperar de una sociedad que se comporta as\u00ed? \u00bfQu\u00e9 futuro y qu\u00e9 motivaciones vamos a ofrecer a nuestros j\u00f3venes y nuestros ni\u00f1os? \u00bfC\u00f3mo les estamos educando? \u00bfEn qu\u00e9 valores y principios? \u00bfQu\u00e9 ejemplo les estamos dando?<\/p>\n<p style=\"text-align:justify;\">Como veis, me brotan mil preguntas y cuestionamientos, y es que creo que esto es tan grave que<img loading=\"lazy\" decoding=\"async\" class=\" size-full wp-image-11159 alignright\" src=\"https:\/\/madreolgamaria.files.wordpress.com\/2017\/05\/images.jpeg\" alt=\"images\" width=\"300\" height=\"168\" \/> no podemos encogernos de hombros y dejarlo pasar. Necesitamos una inyecci\u00f3n de humanidad, de sensibilidad, de compasi\u00f3n\u2026 De lo contrario dejaremos de ser humanos y nos convertiremos en monstruos, en robots m\u00e1s o menos inteligentes, en m\u00e1quinas de hacer y producir cosas, en \u201cartefactos\u201d eficientes sin sensibilidad ni humanidad, cuando el hombre deber\u00eda de ser \u00fanicamente una m\u00e1quina de amar, un productor incansable de amor y de bondad, un generador inagotable de ternura. El hombre es el \u00fanico ser de la creaci\u00f3n capaz de amar y es tremendo que, siendo el \u00fanico, deje de hacerlo. \u00bfQu\u00e9 ser\u00e1 del mundo entonces?<\/p>\n<p style=\"text-align:justify;\">Ahora que se acerca la Navidad,<img loading=\"lazy\" decoding=\"async\" class=\"  wp-image-11594 alignright\" src=\"https:\/\/madreolgamaria.files.wordpress.com\/2017\/07\/img-20170702-wa0045.jpg\" alt=\"IMG-20170702-WA0045\" width=\"303\" height=\"403\" srcset=\"https:\/\/madreolgamaria.com\/wp-content\/uploads\/2017\/07\/img-20170702-wa0045.jpg 480w, https:\/\/madreolgamaria.com\/wp-content\/uploads\/2017\/07\/img-20170702-wa0045-225x300.jpg 225w\" sizes=\"auto, (max-width: 303px) 100vw, 303px\" \/> los creyentes celebramos el tiempo de Adviento, que nos ayuda a prepararnos para uno de los misterios m\u00e1s importantes de nuestra fe: el Nacimiento del Hijo de Dios. Y parece que el resto, los que se presentan a s\u00ed mismos como no creyentes\u2026 no tiene que hacer nada especial de cara a su Navidad laica. Pues no: veo que todo necesitamos un reciclaje interior de cara a estas fechas que -incluso para los que no creen- significan cari\u00f1o, familia, uni\u00f3n\u2026 y todos esos sentimientos y valores constitutivos del ser humano, que lo ennoblecen y lo sit\u00faan por encima del resto de la creaci\u00f3n. A todos propongo un examen de valores y de amor, de sensibilidad y de humanidad. Es urgente e importante que nos detengamos y examinemos si en nuestro interior a\u00fan hay calor y un coraz\u00f3n de carne o solamente fr\u00eda l\u00f3gica que busca eficiencia e insensibilidad y dureza de coraz\u00f3n.<\/p>\n<p>&nbsp;<\/p>\n<p>&nbsp;<\/p>\n<p>&nbsp;<\/p>\n<p>&nbsp;<\/p>\n","protected":false},"excerpt":{"rendered":"<p>Los seres humanos somos de una manera que no dejo de sorprenderme: unas veces para bien, pero otras para mal. Os voy a contar algo que me ha preocupado y tambi\u00e9n asustado, porque me ha resultado alarmante: hace unos d\u00edas, en una ciudad espa\u00f1ola, bastante populosa, sucedi\u00f3 que -a mediod\u00eda- por una calle c\u00e9ntrica y [&hellip;]<\/p>\n","protected":false},"author":2,"featured_media":12018,"comment_status":"open","ping_status":"open","sticky":false,"template":"","format":"standard","meta":{"_jetpack_memberships_contains_paid_content":false,"footnotes":""},"categories":[6],"tags":[],"class_list":{"0":"post-12036","1":"post","2":"type-post","3":"status-publish","4":"format-standard","5":"has-post-thumbnail","6":"hentry","7":"category-sin-categoria","9":"fallback-thumbnail"},"jetpack_featured_media_url":"https:\/\/madreolgamaria.com\/wp-content\/uploads\/2017\/12\/002-quiet_night_by_vladstudio.jpg","jetpack_sharing_enabled":true,"_links":{"self":[{"href":"https:\/\/madreolgamaria.com\/index.php?rest_route=\/wp\/v2\/posts\/12036","targetHints":{"allow":["GET"]}}],"collection":[{"href":"https:\/\/madreolgamaria.com\/index.php?rest_route=\/wp\/v2\/posts"}],"about":[{"href":"https:\/\/madreolgamaria.com\/index.php?rest_route=\/wp\/v2\/types\/post"}],"author":[{"embeddable":true,"href":"https:\/\/madreolgamaria.com\/index.php?rest_route=\/wp\/v2\/users\/2"}],"replies":[{"embeddable":true,"href":"https:\/\/madreolgamaria.com\/index.php?rest_route=%2Fwp%2Fv2%2Fcomments&post=12036"}],"version-history":[{"count":0,"href":"https:\/\/madreolgamaria.com\/index.php?rest_route=\/wp\/v2\/posts\/12036\/revisions"}],"wp:featuredmedia":[{"embeddable":true,"href":"https:\/\/madreolgamaria.com\/index.php?rest_route=\/wp\/v2\/media\/12018"}],"wp:attachment":[{"href":"https:\/\/madreolgamaria.com\/index.php?rest_route=%2Fwp%2Fv2%2Fmedia&parent=12036"}],"wp:term":[{"taxonomy":"category","embeddable":true,"href":"https:\/\/madreolgamaria.com\/index.php?rest_route=%2Fwp%2Fv2%2Fcategories&post=12036"},{"taxonomy":"post_tag","embeddable":true,"href":"https:\/\/madreolgamaria.com\/index.php?rest_route=%2Fwp%2Fv2%2Ftags&post=12036"}],"curies":[{"name":"wp","href":"https:\/\/api.w.org\/{rel}","templated":true}]}}