{"id":12014,"date":"2017-12-04T11:56:26","date_gmt":"2017-12-04T11:56:26","guid":{"rendered":"https:\/\/madreolgamaria.com\/?p=12014"},"modified":"2017-12-04T11:56:26","modified_gmt":"2017-12-04T11:56:26","slug":"puras-pertenencias-de-dios","status":"publish","type":"post","link":"https:\/\/madreolgamaria.com\/?p=12014","title":{"rendered":"Puras pertenencias de Dios"},"content":{"rendered":"<p style=\"text-align:justify;\">A veces pienso y doy vueltas\u00a0 a las cosas y digo: \u00bfcu\u00e1l es el fallo? \u00bfD\u00f3nde est\u00e1 la dificultad? Si hemos salido de una tierra, si nos hemos puesto en camino, si hemos tratado de obedecer al Se\u00f1or y \u00c9l nos ha hecho una promesa y \u00c9l siempre es fiel, a veces digo: \u00bfd\u00f3nde est\u00e1 el fallo? \u00bfQu\u00e9 pasa? \u00bfPor qu\u00e9 nos hemos quedado aqu\u00ed atascadas? Y me dio mucha luz esto: quiz\u00e1 nuestro fallo es tener intenciones de poseer, no querer vivir siempre a la intemperie de Dios sino querer tener seguridades, querer poseer; tener una cierta resistencia, una cierta repugnancia a palpar y a sentir nuestra propia pobreza, queremos seguridades y para eso nuestra pobreza es un obst\u00e1culo. Y, al mismo tiempo, el querer poseer algo, nos impide a verlo todo como un don.<\/p>\n<p style=\"text-align:justify;\">Si alg\u00fan d\u00eda llegamos a estar en \u00abese lugar\u00bb siempre tenemos que verlo no como algo que hemos conseguido, que al fin hemos logrado, que ya lo tenemos\u2026 \u00a1No! Creo que no es esa la actitud, y yo -durante alg\u00fan tiempo- quiz\u00e1 he tenido esa actitud. Creo que la actitud que el Coraz\u00f3n de Jes\u00fas espera es la de que ya se nos ha dado el regalo, por fin ya podemos desfrutar del don. Pero verlo siempre como un don, no como algo que hemos conseguido.<\/p>\n<p style=\"text-align:justify;\"><img loading=\"lazy\" decoding=\"async\" class=\"  wp-image-11620 alignleft\" src=\"https:\/\/madreolgamaria.files.wordpress.com\/2017\/07\/img-20170713-wa0013.jpg\" alt=\"IMG-20170713-WA0013\" width=\"392\" height=\"697\" srcset=\"https:\/\/madreolgamaria.com\/wp-content\/uploads\/2017\/07\/img-20170713-wa0013.jpg 720w, https:\/\/madreolgamaria.com\/wp-content\/uploads\/2017\/07\/img-20170713-wa0013-169x300.jpg 169w, https:\/\/madreolgamaria.com\/wp-content\/uploads\/2017\/07\/img-20170713-wa0013-576x1024.jpg 576w\" sizes=\"auto, (max-width: 392px) 100vw, 392px\" \/>Por eso, vamos caminando y hemos llegado a un punto en que la tierra prometida est\u00e1 ah\u00ed pero vamos a seguir siendo extranjeras en esa tierra prometida y tenemos que renunciar a toda voluntad y a toda intenci\u00f3n de posesi\u00f3n. Nuestra \u00fanica voluntad tiene que ser la de ocupar la tierra prometida como portadoras del don, como personas que testimonian don, regalo, una realidad gozosa que han recibido y no tienen intenci\u00f3n de posesi\u00f3n, sino intenci\u00f3n de servir, de servir al don, de entregar el don, de contar y cantar el don\u2026 que no tiene nada que ver con poseer. <strong>Poseer es dominar<\/strong> y eso nos puede llevar a la autosuficiencia y a la soberbia. \u00a1No! Tenemos que ser siempre conscientes de la propia pobreza y de que en esa pobreza, en ese vaso de barro, Dios ha depositado un don que llevamos y ofrecemos y regalamos. Hay que renunciar a la intenci\u00f3n de poseer.<\/p>\n<p style=\"text-align:justify;\"><em>San Pablo en la Carta a los Romanos dice: \u201cEsperando contra toda esperanza, Abraham crey\u00f3 y lleg\u00f3 a ser padre de muchas naciones como se le hab\u00eda anunciado: \u2018As\u00ed ser\u00e1 tu descendencia\u2019. Su fe no flaque\u00f3 al considerar que \u00e9l era anciano y su cuerpo estaba como muerto -ten\u00eda casi cien a\u00f1os- y que tambi\u00e9n lo estaba el seno de Sara. <\/em>Nuestra fe no tiene que flaquear viendo que nos encontramos en un entorno muerto, moribundo, fr\u00edo, una especie de erial, una especie de desierto espiritual donde parece imposible que nada florezca. Eso puede hacer que muchas veces vacile nuestra fe, pero tenemos que fiarnos de la promesa. <em>Abraham no dud\u00f3 de la promesa de Dios sino que, al contrario -dice San Pablo- fortalecido por la fe, glorific\u00f3 a Dios plenamente convencido de que Dios tiene poder para cumplir lo que promete\u201d (Rm 4, 18-21).<\/em> Si \u00c9l ha prometido que aqu\u00ed en esta tierra, en esta ciudad, en esas circunstancias concretas \u00c9l va a reinar, tenemos que creer aunque todo sea contrario, que \u00c9l va a cumplir su Palabra, que \u00c9l puede cumplir su promesa y lo va a hacer. Pero tenemos que tener una fe inquebrantable en la promesa de Dios y en su fidelidad.<\/p>\n<p style=\"text-align:justify;\"><em>La fe conduce a Abrah\u00e1m a seguir un camino parad\u00f3jico. \u00c9l ser\u00e1 bendecido, pero sin los signos visibles de la bendici\u00f3n: recibe la promesa de formar un gran pueblo, pero con\u00a0 una vida marcada por la esterilidad de Sara, su esposa<\/em>. De alguna manera, yo lo entiendo as\u00ed, lo he entendido as\u00ed hace poco tiempo, hace pocos d\u00edas, esta tierra, esta ciudad, esta Di\u00f3cesis que, a veces, tanto nos ha hecho sufrir y que no es ninguna temeridad decir que est\u00e1 est\u00e9ril, que est\u00e1 muerta, es la esposa que \u00c9l ha escogido para nosotras. Y aunque aparentemente es est\u00e9ril y esta Comunidad muy peque\u00f1a y muy pobre, tenemos que fiarnos de la promesa de Dios y que de aqu\u00ed saldr\u00e1 un gran pueblo.<\/p>\n<p style=\"text-align:justify;\"><em>Abraham es llevado a una nueva patria, pero tendr\u00e1 que vivir\u00a0 en ella siempre como un extranjero; y la \u00fanica posesi\u00f3n de la tierra que se le permitir\u00e1 ser\u00e1 el de una parcela de terreno para enterrar a Sara (cf. Gn 23, 1-20). Abraham fue bendecido porque, en la fe, supo discernir la bendici\u00f3n divina yendo m\u00e1s all\u00e1 de las apariencia, confiando en la presencia de Dios, incluso cuando sus caminos se le muestran misteriosos. \u00bfQu\u00e9 significa esto para nosotras? Cuando decimos: Yo creo en Dios\u201d, decimos, como\u00a0 Abraham: \u201cconf\u00edo, en Ti, me conf\u00edo a Ti, Se\u00f1or\u201d, pero no como a\u00a0 Alguien a quien se acude s\u00f3lo en los momentos de dificultad o al que dedicar alg\u00fan momento del d\u00eda o de la semana. Decir \u201cYo creo en Dios\u201d significa fundar en \u00c9l mi vida,\u00a0 dejar que su palabra la oriente cada d\u00eda, en las opciones concretas sin temor de perder algo de mi mismo.<\/em><\/p>\n<p><em>Cuando, en el Bautismo, se pide tres veces: \u201c\u00bfCre\u00e9is? en Dios, en Jesucristo, en el Esp\u00edritu Santo, en la Santa Iglesia Cat\u00f3lica y en las dem\u00e1s verdades de la fe, la triple respuesta es en singular: \u201cYo creo\u201d, porque es mi existencia personal la que va a recibir un viraje con el don de la fe, es mi vida la que debe cambiar y convertirse\u2026<img loading=\"lazy\" decoding=\"async\" class=\"  wp-image-10563 alignright\" src=\"https:\/\/madreolgamaria.files.wordpress.com\/2017\/03\/img_0304.jpg\" alt=\"img_0304\" width=\"494\" height=\"278\" srcset=\"https:\/\/madreolgamaria.com\/wp-content\/uploads\/2017\/03\/img_0304.jpg 1920w, https:\/\/madreolgamaria.com\/wp-content\/uploads\/2017\/03\/img_0304-300x169.jpg 300w, https:\/\/madreolgamaria.com\/wp-content\/uploads\/2017\/03\/img_0304-1024x576.jpg 1024w, https:\/\/madreolgamaria.com\/wp-content\/uploads\/2017\/03\/img_0304-768x432.jpg 768w, https:\/\/madreolgamaria.com\/wp-content\/uploads\/2017\/03\/img_0304-1536x864.jpg 1536w\" sizes=\"auto, (max-width: 494px) 100vw, 494px\" \/> <\/em><\/p>\n<p style=\"text-align:justify;\"><em>Abrah\u00e1n, el creyente, nos ense\u00f1a la fe; y, como un extranjero en la tierra, nos muestra la verdadera patria. La fe nos hace peregrinos en la tierra, dentro del mundo y de la historia, pero en camino hacia la patria verdadera.<\/em><\/p>\n<p style=\"text-align:justify;\"><em>Creer en Dios nos hace, pues, portadores de valores que a menudo no coinciden con la moda y la opini\u00f3n del momento, nos pide adoptar criterios y asumir conductas que no pertenecen a la manera com\u00fan de pensar. <\/em>No tenemos que tener miedo de ir contra corriente; lo que tenemos que hacer, con todas nuestras fuerzas, es resistir a la tentaci\u00f3n de\u00a0 adecuarse al ambiente.<\/p>\n<p style=\"text-align:justify;\"><em>La sed de Dios (cf. Sl 63,2) no se ha extinguido y el mensaje del Evangelio sigue resonando a trav\u00e9s de las palabras y los hechos de muchos hombres y mujeres de fe. <\/em>En concreto a nosotras, seguimos una llamada que, de alguna manera, est\u00e1 afectando no solo a las que la seguimos sino muchas otras personas del entorno. Tenemos que pedir la gracia de ser valientes, generosas y coherentes. Valientes, generosas y coherentes para obedecer a la llamada del Se\u00f1or con prontitud, sin mirar ni medir ni calibrar, sino Dios nos llama y nosotras obedecemos.<\/p>\n<p style=\"text-align:justify;\">Y tenemos que tener en cuenta una cosa: el nuevo pueblo que est\u00e1 naciendo no va a ser otra cosa que lo que seamos nosotras ahora. Tenemos que ser madres de un gran pueblo, de un pueblo de personas que se acercan al Coraz\u00f3n de Cristo para apagar la sed y \u00c9l nos las encomienda y nos las da y, de alguna manera, tenemos que engendrarles a esa vida nueva, encender en ellos una sed cada vez mayor de Cristo y, al mismo tiempo, ir saciando esa sed. Y os digo una cosa: ellos ser\u00e1n lo que nosotras seamos, la Comunidad ser\u00e1 lo que nosotras seamos; y si Dios suscita vocaciones a esta vida nueva que estamos empezando a vivir, ellas no van a ser nada m\u00e1s que lo que nosotras seamos.<\/p>\n<p>Y aqu\u00ed llega la gran interrogaci\u00f3n: \u00bfqu\u00e9 somos nosotras y que tenemos que ser nosotras?<\/p>\n<p>\u00bfQu\u00e9 somos? Cada una lo tiene que mirar delante de Dios y responderse a esa pregunta con mucha honestidad, con mucha sinceridad delante de Dios.<img loading=\"lazy\" decoding=\"async\" class=\" size-full wp-image-10154 alignright\" src=\"https:\/\/madreolgamaria.files.wordpress.com\/2017\/01\/k-bl-gjilf.jpeg\" alt=\"k-bl-gjilf\" width=\"223\" height=\"226\" \/><\/p>\n<p style=\"text-align:justify;\">Y \u00bfqu\u00e9 estamos llamadas a ser? Pues es sencillo: una pura pertenencia de Dios. No tenemos ni otra identidad ni otra raz\u00f3n de ser sino una pura pertenencia de Jesucristo. Y con esto est\u00e1 dicho todo, porque cuando uno tiene algo en propiedad, cuando hay algo que a uno le pertenece, uno hace con esa pertenencia lo que \u00e9l quiere sin condiciones, sin restricciones y a esto estamos llamadas: a ser el pueblo de su propiedad, la ni\u00f1a de sus Ojos, las que est\u00e1n escritas en su\u00a0 Coraz\u00f3n y en la palma de su Mano. Pero tenemos que tener en cuenta siempre lo mismo: que todo eso, que significa un designio de amor y de predilecci\u00f3n por parte de Dios, implica por nuestra parte una docilidad, una correspondencia y, en definitiva, una obediencia absolutas a esa vocaci\u00f3n.<\/p>\n","protected":false},"excerpt":{"rendered":"<p>A veces pienso y doy vueltas\u00a0 a las cosas y digo: \u00bfcu\u00e1l es el fallo? \u00bfD\u00f3nde est\u00e1 la dificultad? Si hemos salido de una tierra, si nos hemos puesto en camino, si hemos tratado de obedecer al Se\u00f1or y \u00c9l nos ha hecho una promesa y \u00c9l siempre es fiel, a veces digo: \u00bfd\u00f3nde est\u00e1 [&hellip;]<\/p>\n","protected":false},"author":2,"featured_media":11620,"comment_status":"open","ping_status":"open","sticky":false,"template":"","format":"standard","meta":{"_jetpack_memberships_contains_paid_content":false,"footnotes":""},"categories":[6],"tags":[],"class_list":{"0":"post-12014","1":"post","2":"type-post","3":"status-publish","4":"format-standard","5":"has-post-thumbnail","6":"hentry","7":"category-sin-categoria","9":"fallback-thumbnail"},"jetpack_featured_media_url":"https:\/\/madreolgamaria.com\/wp-content\/uploads\/2017\/07\/img-20170713-wa0013.jpg","jetpack_sharing_enabled":true,"_links":{"self":[{"href":"https:\/\/madreolgamaria.com\/index.php?rest_route=\/wp\/v2\/posts\/12014","targetHints":{"allow":["GET"]}}],"collection":[{"href":"https:\/\/madreolgamaria.com\/index.php?rest_route=\/wp\/v2\/posts"}],"about":[{"href":"https:\/\/madreolgamaria.com\/index.php?rest_route=\/wp\/v2\/types\/post"}],"author":[{"embeddable":true,"href":"https:\/\/madreolgamaria.com\/index.php?rest_route=\/wp\/v2\/users\/2"}],"replies":[{"embeddable":true,"href":"https:\/\/madreolgamaria.com\/index.php?rest_route=%2Fwp%2Fv2%2Fcomments&post=12014"}],"version-history":[{"count":0,"href":"https:\/\/madreolgamaria.com\/index.php?rest_route=\/wp\/v2\/posts\/12014\/revisions"}],"wp:featuredmedia":[{"embeddable":true,"href":"https:\/\/madreolgamaria.com\/index.php?rest_route=\/wp\/v2\/media\/11620"}],"wp:attachment":[{"href":"https:\/\/madreolgamaria.com\/index.php?rest_route=%2Fwp%2Fv2%2Fmedia&parent=12014"}],"wp:term":[{"taxonomy":"category","embeddable":true,"href":"https:\/\/madreolgamaria.com\/index.php?rest_route=%2Fwp%2Fv2%2Fcategories&post=12014"},{"taxonomy":"post_tag","embeddable":true,"href":"https:\/\/madreolgamaria.com\/index.php?rest_route=%2Fwp%2Fv2%2Ftags&post=12014"}],"curies":[{"name":"wp","href":"https:\/\/api.w.org\/{rel}","templated":true}]}}