{"id":11691,"date":"2017-08-04T21:22:44","date_gmt":"2017-08-04T21:22:44","guid":{"rendered":"https:\/\/madreolgamaria.com\/?p=11691"},"modified":"2017-08-04T21:22:44","modified_gmt":"2017-08-04T21:22:44","slug":"libertad-de-expresion","status":"publish","type":"post","link":"https:\/\/madreolgamaria.com\/?p=11691","title":{"rendered":"Libertad de expresi\u00f3n"},"content":{"rendered":"<p style=\"text-align:justify;\">Vivimos en una sociedad en la que se habla continuamente de libertad y de derechos y uno de los m\u00e1s reivindicados es el de la libre expresi\u00f3n y el de opini\u00f3n. Estoy de acuerdo y creo que todos debemos ser libres para expresarnos y para tener un criterio, el que sea, y poder exponerlo, pero\u2026 acabo de escribir \u201ctodos\u201d. Y \u201ctodos\u201d significa todos, no los tres o cuatro de siempre, diciendo las mismas cosas y el resto\u2026 \u00a1ay si alguien m\u00e1s osa decir otra cosa diferente! Como m\u00ednimo se le tacha de ignorante y cateto, e inmediatamente se le ridiculiza y se le desautoriza.<img loading=\"lazy\" decoding=\"async\" class=\"  wp-image-11346 alignright\" src=\"https:\/\/madreolgamaria.files.wordpress.com\/2017\/05\/jhvlhv.jpg\" alt=\"jhvlhv\" width=\"274\" height=\"200\" \/><\/p>\n<p style=\"text-align:justify;\">Y pregunto\u2026 \u00bfd\u00f3nde est\u00e1 el derecho de esa persona a ejercer su libertad de expresi\u00f3n y a ser respetada en sus opiniones? Si piensa como yo es un portento y un t\u00edo grande, si lo que expresa no coincide con lo que yo pienso\u2026 entonces es que no tiene personalidad, ni criterio, ni nada\u2026 y le han \u201ccomido el coco\u201d.<\/p>\n<p style=\"text-align:justify;\">El otro aspecto que me gustar\u00eda comentar es el asumir la responsabilidad de las propias opiniones. No vale afirmar sin firmar. Es decir: no vale lanzar opiniones al aire desde el anonimato, sin dar la cara y asumir la responsabilidad de lo que uno dice. Eso\u2026 \u00a1cualquier tonto lo hace!<\/p>\n<p style=\"text-align:justify;\">Si hay algo que me incomoda son las personas cobardes que van regando el mundo de ideas y opiniones, nunca dan la cara y se parapetan detr\u00e1s de cualquier excusa sin asumir la responsabilidad sobre sus propios actos, esas que \u201ctiran la piedra y esconden la mano\u201d. Desde luego que se desautorizan solas, pero\u2026 \u00a1cu\u00e1nto da\u00f1o pueden llegar a hacer y cu\u00e1nta confusi\u00f3n y mentira pueden sembrar\u2026!<\/p>\n<p style=\"text-align:justify;\">Efectivamente, opinar y expresarse es un derecho y a nadie se le debe negar, pero tambi\u00e9n sostengo que hay que educar a las personas en que el ejercicio de cualquier derecho conlleva unos compromisos y unas obligaciones, que las cosas no se hacen alegremente, sin ton ni son, solamente porque s\u00ed, porque me apetece\u2026 En este caso el derecho a expresarse implica un compromiso de respeto a lo que otros expresan y tambi\u00e9n de coherencia, para avalar con la propia vida lo que se est\u00e1 afirmando, si no\u2026 son palabras vanas que se lleva el viento.<\/p>\n<p style=\"text-align:justify;\">Todo esto lo digo por algo que me ha sucedido \u00faltimamente: yo escribo y opino bastante en voz alta, no s\u00f3lo en esta columna semanal, sino en otros medios y espacios p\u00fablicos. <img loading=\"lazy\" decoding=\"async\" class=\"  wp-image-9464 alignleft\" src=\"https:\/\/madreolgamaria.files.wordpress.com\/2017\/01\/fotos-de-paisajes-en-otoc3b1o-56.jpg\" alt=\"fotos-de-paisajes-en-otono-56\" width=\"426\" height=\"266\" srcset=\"https:\/\/madreolgamaria.com\/wp-content\/uploads\/2017\/01\/fotos-de-paisajes-en-otoc3b1o-56.jpg 399w, https:\/\/madreolgamaria.com\/wp-content\/uploads\/2017\/01\/fotos-de-paisajes-en-otoc3b1o-56-300x187.jpg 300w\" sizes=\"auto, (max-width: 426px) 100vw, 426px\" \/>Opino sobre temas variados, expreso sentimientos y tambi\u00e9n reflexiono y rezo\u2026 siempre dejando claro mi nombre y que soy una monja cat\u00f3lica. Lo hago como parte de mi vocaci\u00f3n personal de anunciar el Evangelio de Jesucristo, y no pienso renunciar a ello porque -como digo- es parte esencial de lo que soy. Conf\u00edo en que los creyentes lo acoger\u00e1n desde su fe y que los no creyentes al menos lo respetar\u00e1n como un ejercicio de mi derecho a la libertad de expresi\u00f3n. Con ello no hago da\u00f1o a nadie y tengo derecho a hacerlo \u00bfno es cierto?<\/p>\n<p style=\"text-align:justify;\">Pues bien\u2026 he recibido m\u00e1s de una recriminaci\u00f3n por parte de personas creyentes por exponerme en exceso, por abrir mi coraz\u00f3n y compartir cosas demasiado \u00edntimas, que me comprometen en demas\u00eda. Y para colmo me han recomendado que lance mensajes y testimonios al p\u00fablico sin firmar o\u2026 \u00a1firmando con un pseud\u00f3nimo! \u00bf\u00bf\u00a1\u00a1 \u00a1!?? A estos les contesto desde aqu\u00ed con San Pablo: \u201cNo me averg\u00fcenzo del Evangelio\u201d<\/p>\n<p style=\"text-align:justify;\">Y ya la cosa llega al colmo cuando una intenta responsabilizarse de lo que afirma, simplemente por una cuesti\u00f3n \u00e9tica y por hacerlo cre\u00edble y darle mayor consistencia, y entonces te acusan de af\u00e1n de notoriedad y protagonismo, de egolatr\u00eda.<\/p>\n<p style=\"text-align:justify;\">\u00a1En f\u00edn\u2026! \u00bfNo dec\u00edamos que todo el mundo tiene derecho a la libertad de expresi\u00f3n? Y dentro de esa libertad \u00bfno est\u00e1 tambi\u00e9n el derecho a perfilar n\u00edtidamente la propia identidad humana y cristiana y expresarla sin ser juzgada? Pues parece que no: a\u00fan no hemos llegado al derecho a no ser juzgados y etiquetados. A ver si poco a poco avanzamos en eso tambi\u00e9n, que nos falta mucho.<\/p>\n<p>&nbsp;<\/p>\n","protected":false},"excerpt":{"rendered":"<p>Vivimos en una sociedad en la que se habla continuamente de libertad y de derechos y uno de los m\u00e1s reivindicados es el de la libre expresi\u00f3n y el de opini\u00f3n. Estoy de acuerdo y creo que todos debemos ser libres para expresarnos y para tener un criterio, el que sea, y poder exponerlo, pero\u2026 [&hellip;]<\/p>\n","protected":false},"author":2,"featured_media":5593,"comment_status":"open","ping_status":"open","sticky":false,"template":"","format":"standard","meta":{"_jetpack_memberships_contains_paid_content":false,"footnotes":""},"categories":[6],"tags":[],"class_list":{"0":"post-11691","1":"post","2":"type-post","3":"status-publish","4":"format-standard","5":"has-post-thumbnail","6":"hentry","7":"category-sin-categoria","9":"fallback-thumbnail"},"jetpack_featured_media_url":"https:\/\/madreolgamaria.com\/wp-content\/uploads\/2016\/03\/tumblr_nohpzzyf7m1u7h89to1_1280.png","jetpack_sharing_enabled":true,"_links":{"self":[{"href":"https:\/\/madreolgamaria.com\/index.php?rest_route=\/wp\/v2\/posts\/11691","targetHints":{"allow":["GET"]}}],"collection":[{"href":"https:\/\/madreolgamaria.com\/index.php?rest_route=\/wp\/v2\/posts"}],"about":[{"href":"https:\/\/madreolgamaria.com\/index.php?rest_route=\/wp\/v2\/types\/post"}],"author":[{"embeddable":true,"href":"https:\/\/madreolgamaria.com\/index.php?rest_route=\/wp\/v2\/users\/2"}],"replies":[{"embeddable":true,"href":"https:\/\/madreolgamaria.com\/index.php?rest_route=%2Fwp%2Fv2%2Fcomments&post=11691"}],"version-history":[{"count":0,"href":"https:\/\/madreolgamaria.com\/index.php?rest_route=\/wp\/v2\/posts\/11691\/revisions"}],"wp:featuredmedia":[{"embeddable":true,"href":"https:\/\/madreolgamaria.com\/index.php?rest_route=\/wp\/v2\/media\/5593"}],"wp:attachment":[{"href":"https:\/\/madreolgamaria.com\/index.php?rest_route=%2Fwp%2Fv2%2Fmedia&parent=11691"}],"wp:term":[{"taxonomy":"category","embeddable":true,"href":"https:\/\/madreolgamaria.com\/index.php?rest_route=%2Fwp%2Fv2%2Fcategories&post=11691"},{"taxonomy":"post_tag","embeddable":true,"href":"https:\/\/madreolgamaria.com\/index.php?rest_route=%2Fwp%2Fv2%2Ftags&post=11691"}],"curies":[{"name":"wp","href":"https:\/\/api.w.org\/{rel}","templated":true}]}}