{"id":11564,"date":"2017-06-23T05:57:44","date_gmt":"2017-06-23T05:57:44","guid":{"rendered":"https:\/\/madreolgamaria.com\/?p=11564"},"modified":"2017-06-23T05:57:44","modified_gmt":"2017-06-23T05:57:44","slug":"sin-complejos","status":"publish","type":"post","link":"https:\/\/madreolgamaria.com\/?p=11564","title":{"rendered":"Sin complejos"},"content":{"rendered":"<p style=\"text-align:justify;\">Vivimos en la \u00e9poca de la gran exaltaci\u00f3n de la libertad y del respeto y siento tener que contradecir a la mayor\u00eda, pero lo que yo percibo es que esta es la \u00e9poca de los complejos y los respetos humanos.<\/p>\n<p style=\"text-align:justify;\">Nunca se ha hablado tanto de libertad como ahora y quiz\u00e1s\u00a0nunca se ha pisado tanto como en estos momentos, y no me refiero a las libertades en general, sino principalmente a la libertad interior.<\/p>\n<p><img loading=\"lazy\" decoding=\"async\" class=\"  wp-image-11572 alignright\" style=\"text-align:justify;\" src=\"https:\/\/madreolgamaria.files.wordpress.com\/2017\/06\/img-20170617-wa0096.jpeg\" alt=\"IMG-20170617-WA0096\" width=\"390\" height=\"220\" \/><\/p>\n<p style=\"text-align:justify;\">Los derechos y las libertades que se deben a los individuos y que la sociedad tiene que tratar de cuidar y garantizar son importantes, sin duda, pero no son los m\u00e1s vulnerados ni los que m\u00e1s me preocupan, aunque reconozco que tampoco est\u00e1 la situaci\u00f3n como para tocar las casta\u00f1uelas. Pero de eso podemos hablar en otro art\u00edculo y adem\u00e1s\u2026 de eso ya hablan muchas personas excelentes y con mucho m\u00e1s predicamento que yo.<\/p>\n<p style=\"text-align:justify;\">Lo que me preocupa es que, cada vez con m\u00e1s frecuencia, me encuentro personas inteligentes, profundas, con gran capacidad para pensar y deseosas de obrar el bien pero paralizadas por una serie de inseguridades y complejos que arruinan todo eso buen\u00edsimo que llevan dentro de s\u00ed. \u00bfComplejos? \u00a1S\u00ed! Parece como si los que hubi\u00e9ramos hecho una opci\u00f3n por la bondad y otra serie de valores asociados, fu\u00e9semos ciudadanos de segunda o algo as\u00ed\u2026<\/p>\n<p style=\"text-align:justify;\">Ning\u00fan complejo es bueno, eso est\u00e1 claro, pero el peor y m\u00e1s perverso de todos es el de avergonzarnos de la bondad y la coherencia. Es trist\u00edsimo que nos empe\u00f1emos en camuflar y disimular lo que nuestra buena conciencia nos pide porque nos avergoncemos de declarar y afirmar p\u00fablicamente nuestra opci\u00f3n por valores como el respeto por la vida, la sexualidad responsablemente vivida, la transparencia econ\u00f3mica, la sinceridad, la libertad religiosa, as\u00ed como la posibilidad de profesar p\u00fablicamente un determinado credo y vivirlo en toda su extensi\u00f3n, sin respetos humanos y con coherencia\u2026 Parece que todo eso nos averg\u00fcenza y lo vivimos t\u00edmidamente, como acomplejados\u2026\u00a0<img loading=\"lazy\" decoding=\"async\" class=\"  wp-image-11573 alignright\" src=\"https:\/\/madreolgamaria.files.wordpress.com\/2017\/06\/img-20170617-wa0188.jpeg\" alt=\"IMG-20170617-WA0188\" width=\"374\" height=\"669\" \/><\/p>\n<p style=\"text-align:justify;\">\n<p style=\"text-align:justify;\">Cierto que no es sencillo y a veces la coherencia con nuestra propia conciencia exige una valent\u00eda tremenda pero\u2026 respondamos a esto con sinceridad: \u00bfde qu\u00e9 nos sirve estar en este mundo si nos pasamos la vida sin saber si vamos o venimos, si subimos o bajamos porque cambiamos de rumbo seg\u00fan la persona que tenemos delante o la circunstancia que nos toca vivir? \u00bfpor qu\u00e9 vivir hipotecando nuestra conciencia y nuestras convicciones m\u00e1s \u00edntimas y profundas a la cobard\u00eda de no ser capaces de desentendernos del \u201cqu\u00e9 dir\u00e1n\u201d y \u201cqu\u00e9 pensar\u00e1n\u201d? \u00bfhasta cu\u00e1ndo vamos a seguir as\u00ed? \u00bfmerece la pena vivir en \u201cmodo veleta\u201d o jugando al camuflaje en esta jungla actual?<\/p>\n<p style=\"text-align:justify;\">Os propongo una apuesta sincera por la coherencia y por un orgullo sano, no ofensivo ni prepotente, como el de algunos colectivos que necesitan autoafirmarse atropellando al resto. Pero s\u00ed que es un deber de calidad humana tomarnos un tiempo para ponernos ante nuestra propia conciencia y orientar nuestra vida en el modo y manera que consideremos mejor y luego ya\u2026 una vez tomada una decisi\u00f3n, ser coherentes y no avergonzarnos de ser lo que hemos decidido ser. \u00a1Vivir nuestra opci\u00f3n sin complejos! Respetando a todos, eso por supuesto, sin atropellar a nadie, pero tampoco avergonz\u00e1ndonos y traicionando nuestra conciencia y nuestra opci\u00f3n de vida.<\/p>\n<p><img loading=\"lazy\" decoding=\"async\" class=\"alignnone size-full wp-image-11568\" src=\"https:\/\/madreolgamaria.files.wordpress.com\/2017\/06\/img-20170617-wa0106.jpeg\" alt=\"IMG-20170617-WA0106\" width=\"4032\" height=\"2268\" \/><\/p>\n<p>&nbsp;<\/p>\n","protected":false},"excerpt":{"rendered":"<p>Vivimos en la \u00e9poca de la gran exaltaci\u00f3n de la libertad y del respeto y siento tener que contradecir a la mayor\u00eda, pero lo que yo percibo es que esta es la \u00e9poca de los complejos y los respetos humanos. Nunca se ha hablado tanto de libertad como ahora y quiz\u00e1s\u00a0nunca se ha pisado tanto [&hellip;]<\/p>\n","protected":false},"author":2,"featured_media":11568,"comment_status":"open","ping_status":"open","sticky":false,"template":"","format":"standard","meta":{"_jetpack_memberships_contains_paid_content":false,"footnotes":""},"categories":[6],"tags":[],"class_list":{"0":"post-11564","1":"post","2":"type-post","3":"status-publish","4":"format-standard","5":"has-post-thumbnail","6":"hentry","7":"category-sin-categoria","9":"fallback-thumbnail"},"jetpack_featured_media_url":"https:\/\/madreolgamaria.com\/wp-content\/uploads\/2017\/06\/img-20170617-wa0106-scaled.jpeg","jetpack_sharing_enabled":true,"_links":{"self":[{"href":"https:\/\/madreolgamaria.com\/index.php?rest_route=\/wp\/v2\/posts\/11564","targetHints":{"allow":["GET"]}}],"collection":[{"href":"https:\/\/madreolgamaria.com\/index.php?rest_route=\/wp\/v2\/posts"}],"about":[{"href":"https:\/\/madreolgamaria.com\/index.php?rest_route=\/wp\/v2\/types\/post"}],"author":[{"embeddable":true,"href":"https:\/\/madreolgamaria.com\/index.php?rest_route=\/wp\/v2\/users\/2"}],"replies":[{"embeddable":true,"href":"https:\/\/madreolgamaria.com\/index.php?rest_route=%2Fwp%2Fv2%2Fcomments&post=11564"}],"version-history":[{"count":0,"href":"https:\/\/madreolgamaria.com\/index.php?rest_route=\/wp\/v2\/posts\/11564\/revisions"}],"wp:featuredmedia":[{"embeddable":true,"href":"https:\/\/madreolgamaria.com\/index.php?rest_route=\/wp\/v2\/media\/11568"}],"wp:attachment":[{"href":"https:\/\/madreolgamaria.com\/index.php?rest_route=%2Fwp%2Fv2%2Fmedia&parent=11564"}],"wp:term":[{"taxonomy":"category","embeddable":true,"href":"https:\/\/madreolgamaria.com\/index.php?rest_route=%2Fwp%2Fv2%2Fcategories&post=11564"},{"taxonomy":"post_tag","embeddable":true,"href":"https:\/\/madreolgamaria.com\/index.php?rest_route=%2Fwp%2Fv2%2Ftags&post=11564"}],"curies":[{"name":"wp","href":"https:\/\/api.w.org\/{rel}","templated":true}]}}