{"id":10794,"date":"2017-03-31T15:25:26","date_gmt":"2017-03-31T15:25:26","guid":{"rendered":"https:\/\/madreolgamaria.com\/?p=10794"},"modified":"2017-03-31T15:25:26","modified_gmt":"2017-03-31T15:25:26","slug":"aconfesionalidad-o-laicismo-radical","status":"publish","type":"post","link":"https:\/\/madreolgamaria.com\/?p=10794","title":{"rendered":"\u00bfACONFESIONALIDAD O LAICISMO RADICAL?"},"content":{"rendered":"<p style=\"text-align:justify;\">Llevamos unas cuantas semanas que est\u00e1 todo el mundo muy alborotado con el tema de la retransmisi\u00f3n televisiva de la misa dominical. Me hace gracia el revuelo y la pol\u00e9mica que est\u00e1 causando: \u00a1s\u00f3lo son treinta minutos escasos de transmisi\u00f3n de algo tan inofensivo como es una misa!<\/p>\n<p style=\"text-align:justify;\">Ser\u00eda bueno pensar en el tiempo de emisi\u00f3n que ocupan la publicidad, la previsi\u00f3n meteorol\u00f3gica y los deportes, por no hablar ya de todos esos programas absurdos en que varias personas se dedican a polemizar, insultarse y especular con asuntos y temas que deber\u00edan de quedar en el \u00e1mbito y la esfera de su vida privada. S\u00ed, lo he dicho bien: especular, porque airean y trafican con su intimidad y sentimientos simplemente por dinero y af\u00e1n de notoriedad. Opino que esto es pat\u00e9tico, vergonzoso y deshumanizante, pero est\u00e1 socialmente admitido y lo m\u00e1s triste es que el \u00edndice de audiencia es alarmantemente alto. Y yo me pregunto: \u00bfpor qu\u00e9 no promovemos una campa\u00f1a para evitar que se emitan horas y horas de programaci\u00f3n basura de ese tipo y dejen ese espacio televisivo a programas que impulsen la cultura y los valores, documentales, cine de calidad, etc?<img loading=\"lazy\" decoding=\"async\" class=\"  wp-image-10796 alignleft\" src=\"https:\/\/madreolgamaria.files.wordpress.com\/2017\/03\/17553561_1237946952970966_5818006302026133328_n.jpg\" alt=\"17553561_1237946952970966_5818006302026133328_n\" width=\"433\" height=\"244\" srcset=\"https:\/\/madreolgamaria.com\/wp-content\/uploads\/2017\/03\/17553561_1237946952970966_5818006302026133328_n.jpg 960w, https:\/\/madreolgamaria.com\/wp-content\/uploads\/2017\/03\/17553561_1237946952970966_5818006302026133328_n-300x169.jpg 300w, https:\/\/madreolgamaria.com\/wp-content\/uploads\/2017\/03\/17553561_1237946952970966_5818006302026133328_n-768x432.jpg 768w\" sizes=\"auto, (max-width: 433px) 100vw, 433px\" \/><\/p>\n<p style=\"text-align:justify;\">Es curioso que, con m\u00e1s de mil horas de emisi\u00f3n televisiva semanal, distribu\u00eddas en los diferentes canales, se haya preparado el revuelo que se ha montado por treinta minutos de algo tan inocuo y simple para un no creyente como es una misa. No creo que esto hiera ni ofenda los sentimientos de nadie. En la televisi\u00f3n se emiten cosas verdaderamente ofensivas y nadie protesta, se hace la vista gorda y se deja pasar.<\/p>\n<p style=\"text-align:justify;\">Creo que la pol\u00e9mica que se ha suscitado con la cuesti\u00f3n de la emisi\u00f3n de la misa radica en realidad en que no hay coherencia ni respeto a pesar de lo mucho que se habla de ello. Los cat\u00f3licos merecemos ser respetados, como el resto de los espa\u00f1oles. No me vale que arguyan diciendo que Espa\u00f1a es un estado aconfesional: hay una grand\u00edsima diferencia entre la aconfesionalidad y el laicismo radical. Que un estado sea aconfesional significa simplemente que no est\u00e1 identificado con ning\u00fan credo, que no hay una \u201creligi\u00f3n oficial\u201d que lo represente, y la aconfesionalidad debe garantizar la libertad religiosa para todos los ciudadanos de ese pa\u00eds: que se respete por igual cualquier opci\u00f3n religiosa de cualquier ciudadano, sea la que sea, y la expresi\u00f3n y pr\u00e1ctica de la misma, manteni\u00e9ndose el Estado al m\u00e1rgen. Pues\u2026 siento decir que eso hoy por hoy no existe en Espa\u00f1a.<img loading=\"lazy\" decoding=\"async\" class=\"  wp-image-10163 alignright\" src=\"https:\/\/madreolgamaria.files.wordpress.com\/2017\/01\/toscana_primavera.jpeg\" alt=\"toscana_primavera\" width=\"523\" height=\"278\" srcset=\"https:\/\/madreolgamaria.com\/wp-content\/uploads\/2017\/01\/toscana_primavera.jpeg 640w, https:\/\/madreolgamaria.com\/wp-content\/uploads\/2017\/01\/toscana_primavera-300x159.jpeg 300w\" sizes=\"auto, (max-width: 523px) 100vw, 523px\" \/><\/p>\n<p style=\"text-align:justify;\">Yo no pretendo que todo el mundo sea y se manifieste cat\u00f3lico; pero la aconfesionalidad debe garantizar que se me respete como cat\u00f3lica y que no se persiga por sistema cualquier manifestaci\u00f3n p\u00fablica de mi fe. Como ciudadana de un estado aconfesional tengo derecho a expresar y mostrar p\u00fablicamente mi fe igual que un musulm\u00e1n o un budista. No puedo imponerla, pero s\u00ed que tengo derecho a testimoniarla p\u00fablicamente. Y ese derecho se nos niega a los cat\u00f3licos a cada momento.<\/p>\n<p style=\"text-align:justify;\">Como cat\u00f3lica no pido nada especial, no pido privilegios, sino simplemente respeto. Respeto e igualdad de oportunidades, no ser discriminada ni prejuzgada por el hecho de ser cat\u00f3lica y tambi\u00e9n ruego coherencia y que no se manipulen ni se ridiculicen las cosas que para m\u00ed son m\u00e1s sagradas, como por ejemplo el Crucifijo. Pido respeto y coherencia a todos esos adalides del progreso y de los derechos humanos, paladines te\u00f3ricos de las libertades y de la democracia: \u00bfD\u00f3nde est\u00e1 el derecho a expresar p\u00fablicamente mi fe y el respeto que \u00e9sta se merece aunque vosotros no la compart\u00e1is? Lo siento si molesto a alguien, porque s\u00e9 que no estoy siendo pol\u00edticamente correcta: no es esa la intenci\u00f3n y pido disculpas, pero creo que es sano desenmascarar la mentira y la hipocres\u00eda de los que \u201cdefienden libertades\u201d rest\u00e1ndoselas a otros.<\/p>\n","protected":false},"excerpt":{"rendered":"<p>Llevamos unas cuantas semanas que est\u00e1 todo el mundo muy alborotado con el tema de la retransmisi\u00f3n televisiva de la misa dominical. Me hace gracia el revuelo y la pol\u00e9mica que est\u00e1 causando: \u00a1s\u00f3lo son treinta minutos escasos de transmisi\u00f3n de algo tan inofensivo como es una misa! Ser\u00eda bueno pensar en el tiempo de [&hellip;]<\/p>\n","protected":false},"author":2,"featured_media":10796,"comment_status":"open","ping_status":"open","sticky":false,"template":"","format":"standard","meta":{"_jetpack_memberships_contains_paid_content":false,"footnotes":""},"categories":[6],"tags":[],"class_list":{"0":"post-10794","1":"post","2":"type-post","3":"status-publish","4":"format-standard","5":"has-post-thumbnail","6":"hentry","7":"category-sin-categoria","9":"fallback-thumbnail"},"jetpack_featured_media_url":"https:\/\/madreolgamaria.com\/wp-content\/uploads\/2017\/03\/17553561_1237946952970966_5818006302026133328_n.jpg","jetpack_sharing_enabled":true,"_links":{"self":[{"href":"https:\/\/madreolgamaria.com\/index.php?rest_route=\/wp\/v2\/posts\/10794","targetHints":{"allow":["GET"]}}],"collection":[{"href":"https:\/\/madreolgamaria.com\/index.php?rest_route=\/wp\/v2\/posts"}],"about":[{"href":"https:\/\/madreolgamaria.com\/index.php?rest_route=\/wp\/v2\/types\/post"}],"author":[{"embeddable":true,"href":"https:\/\/madreolgamaria.com\/index.php?rest_route=\/wp\/v2\/users\/2"}],"replies":[{"embeddable":true,"href":"https:\/\/madreolgamaria.com\/index.php?rest_route=%2Fwp%2Fv2%2Fcomments&post=10794"}],"version-history":[{"count":0,"href":"https:\/\/madreolgamaria.com\/index.php?rest_route=\/wp\/v2\/posts\/10794\/revisions"}],"wp:featuredmedia":[{"embeddable":true,"href":"https:\/\/madreolgamaria.com\/index.php?rest_route=\/wp\/v2\/media\/10796"}],"wp:attachment":[{"href":"https:\/\/madreolgamaria.com\/index.php?rest_route=%2Fwp%2Fv2%2Fmedia&parent=10794"}],"wp:term":[{"taxonomy":"category","embeddable":true,"href":"https:\/\/madreolgamaria.com\/index.php?rest_route=%2Fwp%2Fv2%2Fcategories&post=10794"},{"taxonomy":"post_tag","embeddable":true,"href":"https:\/\/madreolgamaria.com\/index.php?rest_route=%2Fwp%2Fv2%2Ftags&post=10794"}],"curies":[{"name":"wp","href":"https:\/\/api.w.org\/{rel}","templated":true}]}}