{"id":10037,"date":"2017-04-05T06:09:13","date_gmt":"2017-04-05T06:09:13","guid":{"rendered":"https:\/\/madreolgamaria.com\/?p=10037"},"modified":"2017-04-05T06:09:13","modified_gmt":"2017-04-05T06:09:13","slug":"el-verdadero-black-friday","status":"publish","type":"post","link":"https:\/\/madreolgamaria.com\/?p=10037","title":{"rendered":"El verdadero Black Friday"},"content":{"rendered":"<p style=\"text-align:justify;margin:0 0 18pt;\"><span style=\"font-size:11pt;font-family:'Bookman Old Style', serif;\">Si os acordais, en el oto\u00f1o hay una campa\u00f1a comercial que se conoce como \u00abviernes negro\u00bb\u00a0(en ingl\u00e9s<span class=\"apple-converted-space\">\u00a0<\/span><i>Black Friday<\/i>) y es el d\u00eda que inaugura la temporada de compras navide\u00f1as con significativas rebajas en muchas tiendas minoristas y grandes almacenes. En su momento nos llenaron de carteles y r\u00f3tulos publicitarios. Es un d\u00eda despu\u00e9s del D\u00eda de Acci\u00f3n de Gracias en Estados Unidos, es decir: se celebra el d\u00eda siguiente al cuarto jueves del mes de noviembre.\u00a0Esta \u201cfestividad comercial\u201d comenz\u00f3 en Estados Unidos y poco a poco, con la ayuda de las nuevas tecnolog\u00edas y promocionado por parte de las distintas empresas, se ha ido extendiendo por el resto de pa\u00edses del mundo.<\/span><\/p>\n<p style=\"text-align:justify;margin:0 0 18pt;\"><span style=\"font-size:11pt;font-family:'Bookman Old Style', serif;\">En Espa\u00f1a se ha impulsado esta celebraci\u00f3n\u00a0principalmente en \u00e1mbitos de compra en l\u00ednea por medio de Internet y tambi\u00e9n expandi\u00e9ndose no s\u00f3lo el viernes, sino varios d\u00edas como podr\u00edan ser jueves-viernes-s\u00e1bado y domingo. Aunque no es tan popular como en ese pa\u00eds, las estad\u00edsticas indican que el volumen de b\u00fasqueda del t\u00e9rmino \u00abBlack Friday\u00bb en internet aument\u00f3 un 76.4% entre noviembre del 2013 y noviembre del 2014 y contin\u00faa creciendo. Adem\u00e1s, cada vez son m\u00e1s los comercios que se suman a la celebraci\u00f3n de este d\u00eda que marca el inicio de las compras navide\u00f1as y diversas empresas participan ofreciendo grandes descuentos. <\/span><\/p>\n<p style=\"text-align:justify;margin:0 0 18pt;\"><span style=\"font-size:11pt;font-family:'Bookman Old Style', serif;\">A m\u00ed todo esto no me parece ni bien ni mal\u2026 simplemente es as\u00ed y punto. Pero me ha hecho pensar mucho: hace dos mil a\u00f1os hubo un \u00abviernes negro\u00bb, el m\u00e1s negro de la historia, el verdadero \u00abblack friday\u00bb.\u00a0El evangelista Lucas nos cuenta que aquel viernes negro, mientras el Hijo de Dios se hallaba clavado en la Cruz, \u00abtoda la tierra qued\u00f3 sumida en oscuridad\u00bb. Ese d\u00eda Dios hizo la mayor oferta que alguna vez hayan recibido los seres humanos: puso la salvaci\u00f3n, de forma gratuita, al alcance de todos nosotros. Adem\u00e1s, aquel renegrido viernes en el G\u00f3lgota, Dios no solamente hizo un simple descuento en nuestra deuda, \u00a1sino que la pag\u00f3 por completo! Y\u2026 quedan ocho d\u00edas justos para celebrar esa oferta \u00fanica e inigualable y\u2026 \u00a1qu\u00e9 poco marketing le hacemos! <\/span><\/p>\n<p style=\"text-align:justify;margin:0 0 18pt;\"><span style=\"font-size:11pt;font-family:'Bookman Old Style', serif;\">Nos da verg\u00fcenza y reparo pararnos a decirlo a\u00fan a los que somos creyentes y es triste y penoso ver a muchas personas preparando las vacaciones de Semana Santa como las de verano. Me apena ver c\u00f3mo hemos secularizado las cosas m\u00e1s sagradas y c\u00f3mo frivolizamos con lo m\u00e1s trascendental y con el sentimiento religioso de muchas personas. La Semana Santa para un creyente no puede ser un descanso m\u00e1s, ni unas vacaciones m\u00e1s: es el momento del Black Friday m\u00e1s importante, de la oferta m\u00e1s revolucionaria e inigualable, que de verdad cambi\u00f3 el curso de la historia -y de la historia personal de cada uno- y creo que no deber\u00edamos desperdiciar la ocasi\u00f3n.<\/span><\/p>\n","protected":false},"excerpt":{"rendered":"<p>Si os acordais, en el oto\u00f1o hay una campa\u00f1a comercial que se conoce como \u00abviernes negro\u00bb\u00a0(en ingl\u00e9s\u00a0Black Friday) y es el d\u00eda que inaugura la temporada de compras navide\u00f1as con significativas rebajas en muchas tiendas minoristas y grandes almacenes. En su momento nos llenaron de carteles y r\u00f3tulos publicitarios. Es un d\u00eda despu\u00e9s del D\u00eda [&hellip;]<\/p>\n","protected":false},"author":2,"featured_media":10433,"comment_status":"open","ping_status":"open","sticky":false,"template":"","format":"standard","meta":{"_jetpack_memberships_contains_paid_content":false,"footnotes":""},"categories":[6],"tags":[],"class_list":{"0":"post-10037","1":"post","2":"type-post","3":"status-publish","4":"format-standard","5":"has-post-thumbnail","6":"hentry","7":"category-sin-categoria","9":"fallback-thumbnail"},"jetpack_featured_media_url":"https:\/\/madreolgamaria.com\/wp-content\/uploads\/2017\/02\/wp-1473836458387.jpg","jetpack_sharing_enabled":true,"_links":{"self":[{"href":"https:\/\/madreolgamaria.com\/index.php?rest_route=\/wp\/v2\/posts\/10037","targetHints":{"allow":["GET"]}}],"collection":[{"href":"https:\/\/madreolgamaria.com\/index.php?rest_route=\/wp\/v2\/posts"}],"about":[{"href":"https:\/\/madreolgamaria.com\/index.php?rest_route=\/wp\/v2\/types\/post"}],"author":[{"embeddable":true,"href":"https:\/\/madreolgamaria.com\/index.php?rest_route=\/wp\/v2\/users\/2"}],"replies":[{"embeddable":true,"href":"https:\/\/madreolgamaria.com\/index.php?rest_route=%2Fwp%2Fv2%2Fcomments&post=10037"}],"version-history":[{"count":0,"href":"https:\/\/madreolgamaria.com\/index.php?rest_route=\/wp\/v2\/posts\/10037\/revisions"}],"wp:featuredmedia":[{"embeddable":true,"href":"https:\/\/madreolgamaria.com\/index.php?rest_route=\/wp\/v2\/media\/10433"}],"wp:attachment":[{"href":"https:\/\/madreolgamaria.com\/index.php?rest_route=%2Fwp%2Fv2%2Fmedia&parent=10037"}],"wp:term":[{"taxonomy":"category","embeddable":true,"href":"https:\/\/madreolgamaria.com\/index.php?rest_route=%2Fwp%2Fv2%2Fcategories&post=10037"},{"taxonomy":"post_tag","embeddable":true,"href":"https:\/\/madreolgamaria.com\/index.php?rest_route=%2Fwp%2Fv2%2Ftags&post=10037"}],"curies":[{"name":"wp","href":"https:\/\/api.w.org\/{rel}","templated":true}]}}